{"id":90664,"date":"2018-01-29T18:20:17","date_gmt":"2018-01-29T20:20:17","guid":{"rendered":"http:\/\/diarioregionaljf.com.br\/2018\/01\/29\/justica-portuguesa-determina-extradicao-de-empresario-investigado-pela-lava-jato\/"},"modified":"2018-01-29T18:20:17","modified_gmt":"2018-01-29T20:20:17","slug":"justica-portuguesa-determina-extradicao-de-empresario-investigado-pela-lava-jato","status":"publish","type":"post","link":"https:\/\/diarioregionaldigital.com.br\/?p=90664","title":{"rendered":"Justi\u00e7a portuguesa determina extradi\u00e7\u00e3o de empres\u00e1rio investigado pela Lava Jato"},"content":{"rendered":"<p>A Justi\u00e7a de Portugal confirmou nessa segunda-feira, 29, a extradi\u00e7\u00e3o do empres\u00e1rio Raul Schmidt, preso em mar\u00e7o de 2016 na primeira fase da Opera\u00e7\u00e3o Lava Jato, para o Brasil. A decis\u00e3o do Tribunal Constitucional permitir\u00e1 que Schmidt, que \u00e9 brasileiro nato e foi naturalizado cidad\u00e3o daquele pa\u00eds, possa responder pelos crimes de corrup\u00e7\u00e3o e lavagem de dinheiro em territ\u00f3rio brasileiro.<\/p>\n<p>Com a decis\u00e3o, caber\u00e1 \u00e0s autoridades policiais de Portugal iniciar as buscas pelo empres\u00e1rio, que aguardava em liberdade o desfecho do processo de extradi\u00e7\u00e3o. A extradi\u00e7\u00e3o tamb\u00e9m dever\u00e1 respeitar algumas condi\u00e7\u00f5es impostas, como a imputa\u00e7\u00e3o de crimes que ocorreram antes da obten\u00e7\u00e3o da nacionalidade portuguesa, fato que ocorreu em dezembro de 2011.<\/p>\n<p>O empres\u00e1rio \u00e9 investigado pelo pagamento de propina a ex-diretores da Petrobras.<\/p>\n<p>As informa\u00e7\u00f5es foram divulgadas pela Procuradoria-Geral da Rep\u00fablica (PGR), um dos \u00f3rg\u00e3os que atuou na efetiva\u00e7\u00e3o da extradi\u00e7\u00e3o, al\u00e9m da Advocacia-Geral da Uni\u00e3o (AGU).<\/p>\n<p>Fonte: Ag\u00eancia Brasil<\/p>\n","protected":false},"excerpt":{"rendered":"<p>A Justi\u00e7a de Portugal confirmou nessa segunda-feira, 29, a extradi\u00e7\u00e3o do empres\u00e1rio Raul Schmidt, preso em mar\u00e7o de 2016 na primeira fase da Opera\u00e7\u00e3o Lava Jato, para o Brasil. A decis\u00e3o do Tribunal Constitucional permitir\u00e1 que Schmidt, que \u00e9 brasileiro nato e foi naturalizado cidad\u00e3o daquele pa\u00eds, possa responder pelos crimes de corrup\u00e7\u00e3o e lavagem [&hellip;]<\/p>\n","protected":false},"author":96,"featured_media":90663,"comment_status":"closed","ping_status":"closed","sticky":false,"template":"","format":"standard","meta":{"footnotes":""},"categories":[302],"tags":[],"class_list":["post-90664","post","type-post","status-publish","format-standard","has-post-thumbnail","hentry","category-brasil-mundo"],"_links":{"self":[{"href":"https:\/\/diarioregionaldigital.com.br\/index.php?rest_route=\/wp\/v2\/posts\/90664","targetHints":{"allow":["GET"]}}],"collection":[{"href":"https:\/\/diarioregionaldigital.com.br\/index.php?rest_route=\/wp\/v2\/posts"}],"about":[{"href":"https:\/\/diarioregionaldigital.com.br\/index.php?rest_route=\/wp\/v2\/types\/post"}],"author":[{"embeddable":true,"href":"https:\/\/diarioregionaldigital.com.br\/index.php?rest_route=\/wp\/v2\/users\/96"}],"replies":[{"embeddable":true,"href":"https:\/\/diarioregionaldigital.com.br\/index.php?rest_route=%2Fwp%2Fv2%2Fcomments&post=90664"}],"version-history":[{"count":0,"href":"https:\/\/diarioregionaldigital.com.br\/index.php?rest_route=\/wp\/v2\/posts\/90664\/revisions"}],"wp:featuredmedia":[{"embeddable":true,"href":"https:\/\/diarioregionaldigital.com.br\/index.php?rest_route=\/wp\/v2\/media\/90663"}],"wp:attachment":[{"href":"https:\/\/diarioregionaldigital.com.br\/index.php?rest_route=%2Fwp%2Fv2%2Fmedia&parent=90664"}],"wp:term":[{"taxonomy":"category","embeddable":true,"href":"https:\/\/diarioregionaldigital.com.br\/index.php?rest_route=%2Fwp%2Fv2%2Fcategories&post=90664"},{"taxonomy":"post_tag","embeddable":true,"href":"https:\/\/diarioregionaldigital.com.br\/index.php?rest_route=%2Fwp%2Fv2%2Ftags&post=90664"}],"curies":[{"name":"wp","href":"https:\/\/api.w.org\/{rel}","templated":true}]}}