{"id":90662,"date":"2018-01-29T18:17:20","date_gmt":"2018-01-29T20:17:20","guid":{"rendered":"http:\/\/diarioregionaljf.com.br\/2018\/01\/29\/brasileiros-debatem-mobilidade-urbana-do-forum-da-juventude-da-onu-em-nova-york\/"},"modified":"2018-01-29T18:17:20","modified_gmt":"2018-01-29T20:17:20","slug":"brasileiros-debatem-mobilidade-urbana-do-forum-da-juventude-da-onu-em-nova-york","status":"publish","type":"post","link":"https:\/\/diarioregionaldigital.com.br\/?p=90662","title":{"rendered":"Brasileiros debatem mobilidade urbana do F\u00f3rum da Juventude da ONU em Nova York"},"content":{"rendered":"<p>O Conselho Econ\u00f4mico e Social da Organiza\u00e7\u00e3o das Na\u00e7\u00f5es Unidas (Ecosoc), promove nesta ter\u00e7a e quarta-feiras (30 e 31) mais um F\u00f3rum da Juventude, na sede da ONU em Nova York. Este ano, o evento contar\u00e1 com a participa\u00e7\u00e3o de dois jovens brasileiros: Lorenna Vilas Boas, de 19 anos, de Salvador, Bahia, estudante de engenharia el\u00e9trica, e Daniel Canabrava, 24 anos, do Distrito Federal e mestre em engenharia urbana.<\/p>\n<p>Eles s\u00e3o ex-alunos do Programa Embaixadores da Juventude, iniciativa do Escrit\u00f3rio da ONU sobre Drogas e Crime (Unodc). No F\u00f3rum da Juventude, a dupla vai liderar uma atividade sobre mobilidade urbana na Am\u00e9rica Latina, numa a\u00e7\u00e3o coordenada pela equipe do Unodc Brasil. Juntamente com jovens de outros pa\u00edses, eles discutir\u00e3o os desafios da mobilidade urbana enfrentados pelos jovens da Am\u00e9rica Latina.<\/p>\n<p>O f\u00f3rum tem como tema este ano o papel dos jovens na constru\u00e7\u00e3o de cidades e de \u00e1reas rurais mais sustent\u00e1veis e resilientes, discutindo solu\u00e7\u00f5es para que as comunidades sejam capazes de se adaptar e crescer mesmo diante de desastres naturais ou problemas como inefici\u00eancia dos transportes p\u00fablicos, viol\u00eancia e desemprego.<\/p>\n<p>S\u00e3o esperados mais de 500 defensores dos direitos dos jovens no encontro, al\u00e9m de representantes de governos e de ag\u00eancias das Na\u00e7\u00f5es Unidas.<\/p>\n<p>Fonte: Ag\u00eancia Brasil<\/p>\n","protected":false},"excerpt":{"rendered":"<p>O Conselho Econ\u00f4mico e Social da Organiza\u00e7\u00e3o das Na\u00e7\u00f5es Unidas (Ecosoc), promove nesta ter\u00e7a e quarta-feiras (30 e 31) mais um F\u00f3rum da Juventude, na sede da ONU em Nova York. Este ano, o evento contar\u00e1 com a participa\u00e7\u00e3o de dois jovens brasileiros: Lorenna Vilas Boas, de 19 anos, de Salvador, Bahia, estudante de engenharia [&hellip;]<\/p>\n","protected":false},"author":96,"featured_media":90661,"comment_status":"closed","ping_status":"closed","sticky":false,"template":"","format":"standard","meta":{"footnotes":""},"categories":[302],"tags":[],"class_list":["post-90662","post","type-post","status-publish","format-standard","has-post-thumbnail","hentry","category-brasil-mundo"],"_links":{"self":[{"href":"https:\/\/diarioregionaldigital.com.br\/index.php?rest_route=\/wp\/v2\/posts\/90662","targetHints":{"allow":["GET"]}}],"collection":[{"href":"https:\/\/diarioregionaldigital.com.br\/index.php?rest_route=\/wp\/v2\/posts"}],"about":[{"href":"https:\/\/diarioregionaldigital.com.br\/index.php?rest_route=\/wp\/v2\/types\/post"}],"author":[{"embeddable":true,"href":"https:\/\/diarioregionaldigital.com.br\/index.php?rest_route=\/wp\/v2\/users\/96"}],"replies":[{"embeddable":true,"href":"https:\/\/diarioregionaldigital.com.br\/index.php?rest_route=%2Fwp%2Fv2%2Fcomments&post=90662"}],"version-history":[{"count":0,"href":"https:\/\/diarioregionaldigital.com.br\/index.php?rest_route=\/wp\/v2\/posts\/90662\/revisions"}],"wp:featuredmedia":[{"embeddable":true,"href":"https:\/\/diarioregionaldigital.com.br\/index.php?rest_route=\/wp\/v2\/media\/90661"}],"wp:attachment":[{"href":"https:\/\/diarioregionaldigital.com.br\/index.php?rest_route=%2Fwp%2Fv2%2Fmedia&parent=90662"}],"wp:term":[{"taxonomy":"category","embeddable":true,"href":"https:\/\/diarioregionaldigital.com.br\/index.php?rest_route=%2Fwp%2Fv2%2Fcategories&post=90662"},{"taxonomy":"post_tag","embeddable":true,"href":"https:\/\/diarioregionaldigital.com.br\/index.php?rest_route=%2Fwp%2Fv2%2Ftags&post=90662"}],"curies":[{"name":"wp","href":"https:\/\/api.w.org\/{rel}","templated":true}]}}