{"id":90660,"date":"2018-01-29T18:13:59","date_gmt":"2018-01-29T20:13:59","guid":{"rendered":"http:\/\/diarioregionaljf.com.br\/2018\/01\/29\/pjf-realiza-acao-educativa-para-combate-ao-aedes-aegypti-no-centro\/"},"modified":"2018-01-29T18:13:59","modified_gmt":"2018-01-29T20:13:59","slug":"pjf-realiza-acao-educativa-para-combate-ao-aedes-aegypti-no-centro","status":"publish","type":"post","link":"https:\/\/diarioregionaldigital.com.br\/?p=90660","title":{"rendered":"PJF realiza a\u00e7\u00e3o educativa para combate ao Aedes aegypti no Centro"},"content":{"rendered":"<p>A Prefeitura de Juiz de Fora (PJF), atrav\u00e9s da Secretaria de Sa\u00fade (SS) e a Oxitec do Brasil, est\u00e3o realizando uma a\u00e7\u00e3o de orienta\u00e7\u00e3o \u00e0 popula\u00e7\u00e3o sobre o Aedes do Bem\u2122 e as doen\u00e7as transmitidas pelo Aedes aegypti. A atividade ocorrer\u00e1 entre os dias 29 e 31 deste m\u00eas, das 8h30 \u00e0s 17h, em frente ao Cine-Theatro Central, no cal\u00e7ad\u00e3o da Rua Halfeld, no Centro.<\/p>\n<p>Os profissionais est\u00e3o orientando a popula\u00e7\u00e3o com a distribui\u00e7\u00e3o de panfletos, com o objetivo de alertar sobre a import\u00e2ncia dos cuidados necess\u00e1rios para prevenir dengue, zika, chikungunya e febre amarela. As den\u00fancias de poss\u00edveis focos do mosquito devem ser realizadas pelo Disque-dengue 199.<\/p>\n<p>&nbsp;<\/p>\n<h4>O QUE \u00c9 O AEDES DO BEM\u2122<\/h4>\n<p>S\u00e3o mosquitos machos, que n\u00e3o picam, n\u00e3o fazem barulho e n\u00e3o transmitem doen\u00e7as, como dengue, chikungunya, zika e febre amarela urbana. Ao serem liberados, buscam e copulam com f\u00eameas selvagens da esp\u00e9cie, e seus descendentes herdam o gene autolimitante, que faz com que morram antes de atingir a idade adulta.<\/p>\n<p>&nbsp;<\/p>\n<p>Fonte: Assessoria<\/p>\n","protected":false},"excerpt":{"rendered":"<p>A Prefeitura de Juiz de Fora (PJF), atrav\u00e9s da Secretaria de Sa\u00fade (SS) e a Oxitec do Brasil, est\u00e3o realizando uma a\u00e7\u00e3o de orienta\u00e7\u00e3o \u00e0 popula\u00e7\u00e3o sobre o Aedes do Bem\u2122 e as doen\u00e7as transmitidas pelo Aedes aegypti. A atividade ocorrer\u00e1 entre os dias 29 e 31 deste m\u00eas, das 8h30 \u00e0s 17h, em frente [&hellip;]<\/p>\n","protected":false},"author":96,"featured_media":90659,"comment_status":"closed","ping_status":"closed","sticky":false,"template":"","format":"standard","meta":{"footnotes":""},"categories":[253],"tags":[],"class_list":["post-90660","post","type-post","status-publish","format-standard","has-post-thumbnail","hentry","category-cidade"],"_links":{"self":[{"href":"https:\/\/diarioregionaldigital.com.br\/index.php?rest_route=\/wp\/v2\/posts\/90660","targetHints":{"allow":["GET"]}}],"collection":[{"href":"https:\/\/diarioregionaldigital.com.br\/index.php?rest_route=\/wp\/v2\/posts"}],"about":[{"href":"https:\/\/diarioregionaldigital.com.br\/index.php?rest_route=\/wp\/v2\/types\/post"}],"author":[{"embeddable":true,"href":"https:\/\/diarioregionaldigital.com.br\/index.php?rest_route=\/wp\/v2\/users\/96"}],"replies":[{"embeddable":true,"href":"https:\/\/diarioregionaldigital.com.br\/index.php?rest_route=%2Fwp%2Fv2%2Fcomments&post=90660"}],"version-history":[{"count":0,"href":"https:\/\/diarioregionaldigital.com.br\/index.php?rest_route=\/wp\/v2\/posts\/90660\/revisions"}],"wp:featuredmedia":[{"embeddable":true,"href":"https:\/\/diarioregionaldigital.com.br\/index.php?rest_route=\/wp\/v2\/media\/90659"}],"wp:attachment":[{"href":"https:\/\/diarioregionaldigital.com.br\/index.php?rest_route=%2Fwp%2Fv2%2Fmedia&parent=90660"}],"wp:term":[{"taxonomy":"category","embeddable":true,"href":"https:\/\/diarioregionaldigital.com.br\/index.php?rest_route=%2Fwp%2Fv2%2Fcategories&post=90660"},{"taxonomy":"post_tag","embeddable":true,"href":"https:\/\/diarioregionaldigital.com.br\/index.php?rest_route=%2Fwp%2Fv2%2Ftags&post=90660"}],"curies":[{"name":"wp","href":"https:\/\/api.w.org\/{rel}","templated":true}]}}