{"id":90656,"date":"2018-01-29T18:00:28","date_gmt":"2018-01-29T20:00:28","guid":{"rendered":"http:\/\/diarioregionaljf.com.br\/2018\/01\/29\/pm-localiza-drogas-enterradas-em-trilho-da-linha-ferrea-no-benfica\/"},"modified":"2018-01-29T18:00:28","modified_gmt":"2018-01-29T20:00:28","slug":"pm-localiza-drogas-enterradas-em-trilho-da-linha-ferrea-no-benfica","status":"publish","type":"post","link":"https:\/\/diarioregionaldigital.com.br\/?p=90656","title":{"rendered":"PM localiza drogas enterradas em trilho da linha f\u00e9rrea no Benfica"},"content":{"rendered":"<p>Durante patrulhamento na Rua Dona Ana Salles, bairro Benfica, zona Norte de Juiz de Fora, na noite desse domingo, 28, a Pol\u00edcia Militar (PM) localizou drogas e outros materiais relacionados ao tr\u00e1fico de drogas. De acordo com o Boletim de Ocorr\u00eancia (BO), a a\u00e7\u00e3o foi feita ap\u00f3s recebimento de den\u00fancia an\u00f4nima sobre o tr\u00e1fico de entorpecentes no local e o material foi localizado enterrado nos trilhos da linha f\u00e9rrea.<\/p>\n<p>Com aux\u00edlio de um c\u00e3o farejador, foram encontradas uma bucha e uma barra de aproximadamente 600 gramas de maconha, uma balan\u00e7a de precis\u00e3o e 15 pedras de crack.<\/p>\n<p>Ainda conforme o BO, uma mulher de 36 anos \u00e9 suspeita de realizar a comercializa\u00e7\u00e3o das drogas, mas n\u00e3o h\u00e1 informa\u00e7\u00f5es se a mesma foi localizada.<\/p>\n","protected":false},"excerpt":{"rendered":"<p>Durante patrulhamento na Rua Dona Ana Salles, bairro Benfica, zona Norte de Juiz de Fora, na noite desse domingo, 28, a Pol\u00edcia Militar (PM) localizou drogas e outros materiais relacionados ao tr\u00e1fico de drogas. De acordo com o Boletim de Ocorr\u00eancia (BO), a a\u00e7\u00e3o foi feita ap\u00f3s recebimento de den\u00fancia an\u00f4nima sobre o tr\u00e1fico de [&hellip;]<\/p>\n","protected":false},"author":96,"featured_media":90655,"comment_status":"closed","ping_status":"closed","sticky":false,"template":"","format":"standard","meta":{"footnotes":""},"categories":[301],"tags":[],"class_list":["post-90656","post","type-post","status-publish","format-standard","has-post-thumbnail","hentry","category-artigos-policiais"],"_links":{"self":[{"href":"https:\/\/diarioregionaldigital.com.br\/index.php?rest_route=\/wp\/v2\/posts\/90656","targetHints":{"allow":["GET"]}}],"collection":[{"href":"https:\/\/diarioregionaldigital.com.br\/index.php?rest_route=\/wp\/v2\/posts"}],"about":[{"href":"https:\/\/diarioregionaldigital.com.br\/index.php?rest_route=\/wp\/v2\/types\/post"}],"author":[{"embeddable":true,"href":"https:\/\/diarioregionaldigital.com.br\/index.php?rest_route=\/wp\/v2\/users\/96"}],"replies":[{"embeddable":true,"href":"https:\/\/diarioregionaldigital.com.br\/index.php?rest_route=%2Fwp%2Fv2%2Fcomments&post=90656"}],"version-history":[{"count":0,"href":"https:\/\/diarioregionaldigital.com.br\/index.php?rest_route=\/wp\/v2\/posts\/90656\/revisions"}],"wp:featuredmedia":[{"embeddable":true,"href":"https:\/\/diarioregionaldigital.com.br\/index.php?rest_route=\/wp\/v2\/media\/90655"}],"wp:attachment":[{"href":"https:\/\/diarioregionaldigital.com.br\/index.php?rest_route=%2Fwp%2Fv2%2Fmedia&parent=90656"}],"wp:term":[{"taxonomy":"category","embeddable":true,"href":"https:\/\/diarioregionaldigital.com.br\/index.php?rest_route=%2Fwp%2Fv2%2Fcategories&post=90656"},{"taxonomy":"post_tag","embeddable":true,"href":"https:\/\/diarioregionaldigital.com.br\/index.php?rest_route=%2Fwp%2Fv2%2Ftags&post=90656"}],"curies":[{"name":"wp","href":"https:\/\/api.w.org\/{rel}","templated":true}]}}