{"id":90654,"date":"2018-01-29T17:06:39","date_gmt":"2018-01-29T19:06:39","guid":{"rendered":"http:\/\/diarioregionaljf.com.br\/2018\/01\/29\/homem-e-preso-apos-atirar-pedras-contra-onibus-no-olavo-costa\/"},"modified":"2018-01-29T17:06:39","modified_gmt":"2018-01-29T19:06:39","slug":"homem-e-preso-apos-atirar-pedras-contra-onibus-no-olavo-costa","status":"publish","type":"post","link":"https:\/\/diarioregionaldigital.com.br\/?p=90654","title":{"rendered":"Homem \u00e9 preso ap\u00f3s atirar pedras contra \u00f4nibus no Olavo Costa"},"content":{"rendered":"<p>Um homem de 38 anos foi preso na noite deste domingo, 28, ap\u00f3s danificar um \u00f4nibus no bairro Olavo Costa, localizado na zona Sudeste.<\/p>\n<p>De acordo com o registro de ocorr\u00eancias da Pol\u00edcia Militar (PM), o motorista do coletivo, de 48 anos, seguia o itiner\u00e1rio da linha, que atende o bairro Olavo Costa, quando em determinado ponto da Rua Hortogamini dos Reis se deparou com um indiv\u00edduo no meio da via p\u00fablica.<\/p>\n<p>O homem colocou um lat\u00e3o de lixo no meio da rua, impedindo a passagem do \u00f4nibus. Ap\u00f3s a a\u00e7\u00e3o pegou diversas pedras e come\u00e7ou a atir\u00e1-las contra o p\u00e1ra-brisa do coletivo causando diversos danos.<\/p>\n<p>De acordo com o motorista, o autor se afastou do local e permaneceu pr\u00f3ximo a um banheiro qu\u00edmico localizado na \u00e1rea.<\/p>\n<p>As guarni\u00e7\u00f5es policiais foram acionadas e se deslocaram at\u00e9 o lugar indicado. Ao abordarem o indiv\u00edduo, o mesmo confirmou que causou os danos no coletivo e que a motiva\u00e7\u00e3o seria ter sido recha\u00e7ado pelo motorista do \u00f4nibus.<\/p>\n<p>O autor apresentava sinais de embriaguez e recebeu voz de pris\u00e3o em flagrante.<\/p>\n<p>O ve\u00edculo foi encaminhado para per\u00edcia t\u00e9cnica.<\/p>\n","protected":false},"excerpt":{"rendered":"<p>Um homem de 38 anos foi preso na noite deste domingo, 28, ap\u00f3s danificar um \u00f4nibus no bairro Olavo Costa, localizado na zona Sudeste. De acordo com o registro de ocorr\u00eancias da Pol\u00edcia Militar (PM), o motorista do coletivo, de 48 anos, seguia o itiner\u00e1rio da linha, que atende o bairro Olavo Costa, quando em [&hellip;]<\/p>\n","protected":false},"author":96,"featured_media":90653,"comment_status":"closed","ping_status":"closed","sticky":false,"template":"","format":"standard","meta":{"footnotes":""},"categories":[301],"tags":[],"class_list":["post-90654","post","type-post","status-publish","format-standard","has-post-thumbnail","hentry","category-artigos-policiais"],"_links":{"self":[{"href":"https:\/\/diarioregionaldigital.com.br\/index.php?rest_route=\/wp\/v2\/posts\/90654","targetHints":{"allow":["GET"]}}],"collection":[{"href":"https:\/\/diarioregionaldigital.com.br\/index.php?rest_route=\/wp\/v2\/posts"}],"about":[{"href":"https:\/\/diarioregionaldigital.com.br\/index.php?rest_route=\/wp\/v2\/types\/post"}],"author":[{"embeddable":true,"href":"https:\/\/diarioregionaldigital.com.br\/index.php?rest_route=\/wp\/v2\/users\/96"}],"replies":[{"embeddable":true,"href":"https:\/\/diarioregionaldigital.com.br\/index.php?rest_route=%2Fwp%2Fv2%2Fcomments&post=90654"}],"version-history":[{"count":0,"href":"https:\/\/diarioregionaldigital.com.br\/index.php?rest_route=\/wp\/v2\/posts\/90654\/revisions"}],"wp:featuredmedia":[{"embeddable":true,"href":"https:\/\/diarioregionaldigital.com.br\/index.php?rest_route=\/wp\/v2\/media\/90653"}],"wp:attachment":[{"href":"https:\/\/diarioregionaldigital.com.br\/index.php?rest_route=%2Fwp%2Fv2%2Fmedia&parent=90654"}],"wp:term":[{"taxonomy":"category","embeddable":true,"href":"https:\/\/diarioregionaldigital.com.br\/index.php?rest_route=%2Fwp%2Fv2%2Fcategories&post=90654"},{"taxonomy":"post_tag","embeddable":true,"href":"https:\/\/diarioregionaldigital.com.br\/index.php?rest_route=%2Fwp%2Fv2%2Ftags&post=90654"}],"curies":[{"name":"wp","href":"https:\/\/api.w.org\/{rel}","templated":true}]}}