{"id":90652,"date":"2018-01-29T17:04:36","date_gmt":"2018-01-29T19:04:36","guid":{"rendered":"http:\/\/diarioregionaljf.com.br\/2018\/01\/29\/nivel-elevado-do-rio-sena-leva-a-retirada-de-1-500-pessoas-em-paris-e-arredores\/"},"modified":"2018-01-29T17:04:36","modified_gmt":"2018-01-29T19:04:36","slug":"nivel-elevado-do-rio-sena-leva-a-retirada-de-1-500-pessoas-em-paris-e-arredores","status":"publish","type":"post","link":"https:\/\/diarioregionaldigital.com.br\/?p=90652","title":{"rendered":"N\u00edvel elevado do Rio Sena leva \u00e0 retirada de 1.500 pessoas em Paris e arredores"},"content":{"rendered":"<p>O Rio Sena, que atravessa Paris, continuou a subir nesse domingo, 28, e levou \u00e0 retirada de cerca de 1.500 pessoas na regi\u00e3o da Ile-de-France, incluindo a capital francesa e as zonas ao redor, de acordo com a pol\u00edcia de Paris. A informa\u00e7\u00e3o \u00e9 da Ag\u00eancia Xinhua.<\/p>\n<p>O n\u00edvel da \u00e1gua permaneceu em n\u00edvel elevado na regi\u00e3o, onde 240 comunidades receberam alertas sobre as inunda\u00e7\u00f5es. Cerca de 1.500 cidad\u00e3os foram convocados a deixar suas casas, disse Michel Delpuech, chefe do \u00f3rg\u00e3o policial de Paris.<\/p>\n<p>&#8220;As \u00e1guas s\u00f3 v\u00e3o embora devagar&#8221;, disse Delpuech a rep\u00f3rteres, salientando que &#8220;todos sabem o que devem fazer&#8221;.<\/p>\n<p>\u00c0s 15h (hora local), o Sena subiu para 5,81 metros. Chegaria ao seu pico \u00e0s 18h de domingo ou no in\u00edcio desta segunda-feira, 29.<\/p>\n<p>&#8220;\u00c9 esperado que o rio alcance seu n\u00edvel mais alto, ligeiramente inferior ao alcan\u00e7ado durante a enchente de junho de 2016,&#8221; informou a ag\u00eancia de not\u00edcias do governo.<\/p>\n<p>Em 2016, as chuvas torrenciais desencadearam grandes inunda\u00e7\u00f5es, mergulhando partes das regi\u00f5es centrais da Fran\u00e7a e locais de Paris no caos, quando o Sena subiu para 6,1 metros. Seis pessoas morreram nas inunda\u00e7\u00f5es.<\/p>\n<p>Uma chuva sem interrup\u00e7\u00f5es causou as inunda\u00e7\u00f5es, principalmente na regi\u00e3o de Paris, onde o alto n\u00edvel da \u00e1gua ultrapassou as passarelas do rio e obrigou o Museu Louvre a fechar para o p\u00fablico o Departamento de Arte Isl\u00e2mica, at\u00e9 o dia 29 de janeiro.<\/p>\n<p>O operador ferrovi\u00e1rio SNCF tamb\u00e9m fechou a linha de trens RER C, que corre ao longo do rio e \u00e9 usado por turistas para chegar \u00e0 Torre Eiffel, \u00e0 Catedral de Notre-Dame e Versalhes.<\/p>\n<p>A ag\u00eancia meteorol\u00f3gica francesa, Meteo France, colocou oito distritos em alerta laranja, devido a riscos persistentes de forte inunda\u00e7\u00e3o.<\/p>\n<p>Fonte: Ag\u00eancia Brasil<\/p>\n","protected":false},"excerpt":{"rendered":"<p>O Rio Sena, que atravessa Paris, continuou a subir nesse domingo, 28, e levou \u00e0 retirada de cerca de 1.500 pessoas na regi\u00e3o da Ile-de-France, incluindo a capital francesa e as zonas ao redor, de acordo com a pol\u00edcia de Paris. A informa\u00e7\u00e3o \u00e9 da Ag\u00eancia Xinhua. O n\u00edvel da \u00e1gua permaneceu em n\u00edvel elevado [&hellip;]<\/p>\n","protected":false},"author":96,"featured_media":90651,"comment_status":"closed","ping_status":"closed","sticky":false,"template":"","format":"standard","meta":{"footnotes":""},"categories":[302],"tags":[],"class_list":["post-90652","post","type-post","status-publish","format-standard","has-post-thumbnail","hentry","category-brasil-mundo"],"_links":{"self":[{"href":"https:\/\/diarioregionaldigital.com.br\/index.php?rest_route=\/wp\/v2\/posts\/90652","targetHints":{"allow":["GET"]}}],"collection":[{"href":"https:\/\/diarioregionaldigital.com.br\/index.php?rest_route=\/wp\/v2\/posts"}],"about":[{"href":"https:\/\/diarioregionaldigital.com.br\/index.php?rest_route=\/wp\/v2\/types\/post"}],"author":[{"embeddable":true,"href":"https:\/\/diarioregionaldigital.com.br\/index.php?rest_route=\/wp\/v2\/users\/96"}],"replies":[{"embeddable":true,"href":"https:\/\/diarioregionaldigital.com.br\/index.php?rest_route=%2Fwp%2Fv2%2Fcomments&post=90652"}],"version-history":[{"count":0,"href":"https:\/\/diarioregionaldigital.com.br\/index.php?rest_route=\/wp\/v2\/posts\/90652\/revisions"}],"wp:featuredmedia":[{"embeddable":true,"href":"https:\/\/diarioregionaldigital.com.br\/index.php?rest_route=\/wp\/v2\/media\/90651"}],"wp:attachment":[{"href":"https:\/\/diarioregionaldigital.com.br\/index.php?rest_route=%2Fwp%2Fv2%2Fmedia&parent=90652"}],"wp:term":[{"taxonomy":"category","embeddable":true,"href":"https:\/\/diarioregionaldigital.com.br\/index.php?rest_route=%2Fwp%2Fv2%2Fcategories&post=90652"},{"taxonomy":"post_tag","embeddable":true,"href":"https:\/\/diarioregionaldigital.com.br\/index.php?rest_route=%2Fwp%2Fv2%2Ftags&post=90652"}],"curies":[{"name":"wp","href":"https:\/\/api.w.org\/{rel}","templated":true}]}}