{"id":90650,"date":"2018-01-29T15:39:24","date_gmt":"2018-01-29T17:39:24","guid":{"rendered":"http:\/\/diarioregionaljf.com.br\/2018\/01\/29\/homem-e-preso-apos-xingar-policiais-e-chutar-viatura-durante-bloco-de-carnaval\/"},"modified":"2018-01-29T15:39:24","modified_gmt":"2018-01-29T17:39:24","slug":"homem-e-preso-apos-xingar-policiais-e-chutar-viatura-durante-bloco-de-carnaval","status":"publish","type":"post","link":"https:\/\/diarioregionaldigital.com.br\/?p=90650","title":{"rendered":"Homem \u00e9 preso ap\u00f3s xingar policiais e chutar viatura durante bloco de carnaval"},"content":{"rendered":"<p>Um homem de 38 anos foi preso por desacato a autoridades policiais na noite deste domingo, 28, no bairro Jardim Gl\u00f3ria, localizado na zona Noroeste.<\/p>\n<p>Segundo informa\u00e7\u00f5es da Pol\u00edcia Militar (PM), uma guarni\u00e7\u00e3o realizava patrulha pela regi\u00e3o, onde ocorria um bloco carnavalesco, quando foram acionados por alguns motoristas que indicaram um indiv\u00edduo, aparentemente embriagado, impedindo o fluxo de carros no local.<\/p>\n<p>Diante das informa\u00e7\u00f5es, a viatura policial se deslocou pela Rua Doutor Jo\u00e3o Pinheiro, acionando a sirene do ve\u00edculo a fim de abrir passagem. Ao avistarem o indiv\u00edduo, acionaram mais uma vez a sirene da viatura a fim de chamar a aten\u00e7\u00e3o do mesmo, entretanto n\u00e3o obtiveram resposta.<\/p>\n<p>A viatura da PM se aproximou a fim de realizar a abordagem, quando em determinado momento, o homem, que cambaleava enquanto segurava um cooler, se desequilibrou vindo a chocar-se contra a parte frontal lateral direita da viatura, caindo ao solo.<\/p>\n<p>Os policias desceram da viatura a fim de prestar assist\u00eancia ao indiv\u00edduo, que por sua vez, come\u00e7ou a gritar e a xingar os policiais, acusando a guarni\u00e7\u00e3o de t\u00ea-lo atropelado.<\/p>\n<p>Nesse momento, os familiares do homem chegaram ao local e de forma exaltada, tamb\u00e9m come\u00e7aram a desacatar os policiais.<\/p>\n<p>A PM solicitou presen\u00e7a de outras viaturas. O autor foi algemado ap\u00f3s oferecer resist\u00eancia, sendo necess\u00e1rias t\u00e9cnicas de imobiliza\u00e7\u00e3o. Ele foi colocado na viatura policial.<\/p>\n<p>Ao ser levado para o Hospital de Pronto Atendimento (HPS), o indiv\u00edduo desferiu chutes dentro do compartimento onde estava preso.<\/p>\n<p>Diante do fato, ele recebeu voz de pris\u00e3o em flagrante pelo crime de desacato a autoridade. O autor assinou o termo de compromisso de comparecimento no juizado especial criminal sendo liberado.<\/p>\n","protected":false},"excerpt":{"rendered":"<p>Um homem de 38 anos foi preso por desacato a autoridades policiais na noite deste domingo, 28, no bairro Jardim Gl\u00f3ria, localizado na zona Noroeste. Segundo informa\u00e7\u00f5es da Pol\u00edcia Militar (PM), uma guarni\u00e7\u00e3o realizava patrulha pela regi\u00e3o, onde ocorria um bloco carnavalesco, quando foram acionados por alguns motoristas que indicaram um indiv\u00edduo, aparentemente embriagado, impedindo [&hellip;]<\/p>\n","protected":false},"author":96,"featured_media":90649,"comment_status":"closed","ping_status":"closed","sticky":false,"template":"","format":"standard","meta":{"footnotes":""},"categories":[301],"tags":[],"class_list":["post-90650","post","type-post","status-publish","format-standard","has-post-thumbnail","hentry","category-artigos-policiais"],"_links":{"self":[{"href":"https:\/\/diarioregionaldigital.com.br\/index.php?rest_route=\/wp\/v2\/posts\/90650","targetHints":{"allow":["GET"]}}],"collection":[{"href":"https:\/\/diarioregionaldigital.com.br\/index.php?rest_route=\/wp\/v2\/posts"}],"about":[{"href":"https:\/\/diarioregionaldigital.com.br\/index.php?rest_route=\/wp\/v2\/types\/post"}],"author":[{"embeddable":true,"href":"https:\/\/diarioregionaldigital.com.br\/index.php?rest_route=\/wp\/v2\/users\/96"}],"replies":[{"embeddable":true,"href":"https:\/\/diarioregionaldigital.com.br\/index.php?rest_route=%2Fwp%2Fv2%2Fcomments&post=90650"}],"version-history":[{"count":0,"href":"https:\/\/diarioregionaldigital.com.br\/index.php?rest_route=\/wp\/v2\/posts\/90650\/revisions"}],"wp:featuredmedia":[{"embeddable":true,"href":"https:\/\/diarioregionaldigital.com.br\/index.php?rest_route=\/wp\/v2\/media\/90649"}],"wp:attachment":[{"href":"https:\/\/diarioregionaldigital.com.br\/index.php?rest_route=%2Fwp%2Fv2%2Fmedia&parent=90650"}],"wp:term":[{"taxonomy":"category","embeddable":true,"href":"https:\/\/diarioregionaldigital.com.br\/index.php?rest_route=%2Fwp%2Fv2%2Fcategories&post=90650"},{"taxonomy":"post_tag","embeddable":true,"href":"https:\/\/diarioregionaldigital.com.br\/index.php?rest_route=%2Fwp%2Fv2%2Ftags&post=90650"}],"curies":[{"name":"wp","href":"https:\/\/api.w.org\/{rel}","templated":true}]}}