{"id":90648,"date":"2018-01-29T13:21:24","date_gmt":"2018-01-29T15:21:24","guid":{"rendered":"http:\/\/diarioregionaljf.com.br\/2018\/01\/29\/temer-diz-que-reforma-da-previdencia-pode-sofrer-mudancas\/"},"modified":"2018-01-29T13:21:24","modified_gmt":"2018-01-29T15:21:24","slug":"temer-diz-que-reforma-da-previdencia-pode-sofrer-mudancas","status":"publish","type":"post","link":"https:\/\/diarioregionaldigital.com.br\/?p=90648","title":{"rendered":"Temer diz que reforma da Previd\u00eancia pode sofrer mudan\u00e7as"},"content":{"rendered":"<p>O presidente da Rep\u00fablica, Michel Temer, afirmou hoje (29) em entrevista \u00e0 R\u00e1dio Bandeirantes, que na volta do recesso parlamentar o texto da reforma da Previd\u00eancia ainda pode sofrer altera\u00e7\u00f5es.<\/p>\n<p>\u201cAconte\u00e7a o que acontecer sempre haver\u00e1 uma economia muito significativa ao longo de 10 anos. O governo n\u00e3o pretende abrir m\u00e3o daquilo que est\u00e1 na reforma. Mas, evidentemente, o di\u00e1logo pode levar a uma ou outra modifica\u00e7\u00e3o. Diante do projeto original, a economia de recursos seria de cerca de R$ 900 bilh\u00f5es em 10 anos. Com este novo projeto amenizado, a economia seria de R$ 550 bilh\u00f5es a R$ 600 bilh\u00f5es, ou seja, vale a pena. Entre nada e R$ 550 bilh\u00f5es, melhor esta economia, que garante os valores dos aposentados e servidores p\u00fablicos.\u201d<\/p>\n<p>Ele disse estar otimista em rela\u00e7\u00e3o \u00e0 aprova\u00e7\u00e3o do texto e afirmou que \u201cquem n\u00e3o votar pela reforma da Previd\u00eancia estar\u00e1 fazendo um mal para o pa\u00eds\u201d. Segundo o presidente, agora as pessoas est\u00e3o mais esclarecidas sobre o tema.<\/p>\n<p>\u201cConseguimos fazer uma comunica\u00e7\u00e3o com a popula\u00e7\u00e3o, esclarecendo o que \u00e9 a reforma da Previd\u00eancia\u201d. O presidente destacou que, pela proposta, para os trabalhadores que ganham at\u00e9 R$ 5.645 nada muda. \u201cSe n\u00e3o consertarmos a Previd\u00eancia, daqui a dois ou tr\u00eas anos ela n\u00e3o resiste\u201d, alertou.<\/p>\n<p>Temer lembrou a situa\u00e7\u00e3o de estados como Rio de Janeiro e Rio Grande do Norte, que enfrentam dificuldades para pagamento de servidores e tiveram socorro federal.<\/p>\n<p>O presidente disse que, se a reforma for aprovada, \u201cmuito provavelmente a nota de cr\u00e9dito do Brasil ser\u00e1 recuperada\u201d e o pa\u00eds voltar\u00e1 a atrair investimentos. Temer ressaltou que o pa\u00eds j\u00e1 est\u00e1 aumentando sua confian\u00e7a e que foram abertos, nos \u00faltimos meses, mais de 1,4 milh\u00e3o de postos de trabalho. Ele espera que, at\u00e9 o fim de seu governo, o Produto Interno Bruto volte a crescer mais de 1% e possam ser abertas mais de 1,5 milh\u00e3o de vagas de trabalho.<\/p>\n<p>Temer tamb\u00e9m defendeu a reforma da Previd\u00eancia em entrevistas exibidas em emissoras de televis\u00e3o, no fim de semana. No programa do Amaury Jr, veiculado no \u00faltimo s\u00e1bado, na Band, e no programa do S\u00edlvio Santos, no domingo, no SBT, refor\u00e7ou os argumentos pela aprova\u00e7\u00e3o da reforma e apontou os riscos para as contas do Estado caso n\u00e3o haja nenhuma medida para conter o d\u00e9ficit previdenci\u00e1rio.<\/p>\n<p><span style=\"font-size: 18pt;\">Juros<\/span><\/p>\n<p>Outro tema abordado pelo presidente, na emissora de r\u00e1dio paulista, foi a demora da queda de juros para o consumidor. Ele disse que tem discutido com sua equipe uma forma de coincidir a redu\u00e7\u00e3o na Selic (taxa b\u00e1sica) e os juros, ressaltando que, apesar da diferen\u00e7a, \u201cindispensavelmente os juros v\u00e3o cair pouco a pouco\u201d.<\/p>\n<p>Fonte: Ag\u00eancia Brasil<\/p>\n","protected":false},"excerpt":{"rendered":"<p>O presidente da Rep\u00fablica, Michel Temer, afirmou hoje (29) em entrevista \u00e0 R\u00e1dio Bandeirantes, que na volta do recesso parlamentar o texto da reforma da Previd\u00eancia ainda pode sofrer altera\u00e7\u00f5es. \u201cAconte\u00e7a o que acontecer sempre haver\u00e1 uma economia muito significativa ao longo de 10 anos. O governo n\u00e3o pretende abrir m\u00e3o daquilo que est\u00e1 na [&hellip;]<\/p>\n","protected":false},"author":96,"featured_media":0,"comment_status":"closed","ping_status":"closed","sticky":false,"template":"","format":"standard","meta":{"footnotes":""},"categories":[254],"tags":[],"class_list":["post-90648","post","type-post","status-publish","format-standard","hentry","category-politica"],"_links":{"self":[{"href":"https:\/\/diarioregionaldigital.com.br\/index.php?rest_route=\/wp\/v2\/posts\/90648","targetHints":{"allow":["GET"]}}],"collection":[{"href":"https:\/\/diarioregionaldigital.com.br\/index.php?rest_route=\/wp\/v2\/posts"}],"about":[{"href":"https:\/\/diarioregionaldigital.com.br\/index.php?rest_route=\/wp\/v2\/types\/post"}],"author":[{"embeddable":true,"href":"https:\/\/diarioregionaldigital.com.br\/index.php?rest_route=\/wp\/v2\/users\/96"}],"replies":[{"embeddable":true,"href":"https:\/\/diarioregionaldigital.com.br\/index.php?rest_route=%2Fwp%2Fv2%2Fcomments&post=90648"}],"version-history":[{"count":0,"href":"https:\/\/diarioregionaldigital.com.br\/index.php?rest_route=\/wp\/v2\/posts\/90648\/revisions"}],"wp:attachment":[{"href":"https:\/\/diarioregionaldigital.com.br\/index.php?rest_route=%2Fwp%2Fv2%2Fmedia&parent=90648"}],"wp:term":[{"taxonomy":"category","embeddable":true,"href":"https:\/\/diarioregionaldigital.com.br\/index.php?rest_route=%2Fwp%2Fv2%2Fcategories&post=90648"},{"taxonomy":"post_tag","embeddable":true,"href":"https:\/\/diarioregionaldigital.com.br\/index.php?rest_route=%2Fwp%2Fv2%2Ftags&post=90648"}],"curies":[{"name":"wp","href":"https:\/\/api.w.org\/{rel}","templated":true}]}}