{"id":90635,"date":"2018-01-28T14:42:41","date_gmt":"2018-01-28T16:42:41","guid":{"rendered":"http:\/\/diarioregionaljf.com.br\/2018\/01\/28\/federacao-internacional-mantem-transexuais-no-volei\/"},"modified":"2018-01-28T14:42:41","modified_gmt":"2018-01-28T16:42:41","slug":"federacao-internacional-mantem-transexuais-no-volei","status":"publish","type":"post","link":"https:\/\/diarioregionaldigital.com.br\/?p=90635","title":{"rendered":"Federa\u00e7\u00e3o Internacional mant\u00e9m transexuais no v\u00f4lei"},"content":{"rendered":"<p>O caso da jogadora de v\u00f4lei transexual,&nbsp;Tiffany Abreu, 34 anos, tem causado mal estar na&nbsp;Superliga Feminina&nbsp;e dividido opini\u00f5es entre especialistas. Na tarde desta quarta-feira, 24, ap\u00f3s uma reuni\u00e3o em Lausanne, na Su\u00ed\u00e7a, integrantes da FIVB (Federa\u00e7\u00e3o Internacional de V\u00f4lei) ratificaram o posicionamento da organiza\u00e7\u00e3o, favor\u00e1vel &#8216;\u00e0 manuten\u00e7\u00e3o de atletas transexuais no esporte.<\/p>\n<p>Al\u00e9m de refor\u00e7ar sua posi\u00e7\u00e3o, a FIVB manteve as condi\u00e7\u00f5es vigentes estabelecidas pelo COI (Comit\u00ea Ol\u00edmpico Internacional) em 2015, se comprometeu a &#8220;estudar melhor a quest\u00e3o&#8221; e ainda ratificou que a participa\u00e7\u00e3o de transg\u00eaneros ou n\u00e3o nos times \u00e9 responsabilidade das federa\u00e7\u00f5es locais.<\/p>\n<p>Na reuni\u00e3o, foi refor\u00e7ado que as regras dos torneios interclubes s\u00e3o de responsabilidade das respectivas federa\u00e7\u00f5es nacionais. Desta forma, no caso Tiffany cabe \u00e0 Confedera\u00e7\u00e3o Brasileira de V\u00f4lei decidir se a mesma pode ou n\u00e3o disputar os campeonatos no pa\u00eds. Como a CBV utiliza as normas internacionais, a atleta segue liberada para atuar pelo time de S\u00e3o Paulo.<\/p>\n<p>A FIVB emitiu um comunicado ap\u00f3s o encontro.&nbsp;<\/p>\n<p>&#8220;Hoje fizemos avan\u00e7os significativos em uma s\u00e9rie de quest\u00f5es m\u00e9dicas que podem mudar a imagem do v\u00f4lei como a conhecemos. Um caso espec\u00edfico que foi tratado diz respeito a quest\u00e3o do atleta transg\u00eanero. A comiss\u00e3o m\u00e9dica da FIVB est\u00e1 empenhada em estudar mais esta quest\u00e3o, a fim de garantir que qualquer decis\u00e3o tomada pela FIVB seja baseada nos dados e conhecimentos mais recentes nesta \u00e1rea. O objetivo \u00e9 assegurar tanto em competi\u00e7\u00f5es de quadra como de praia que se respeite a escolha individual de uma pessoa, ao mesmo tempo que assegure condi\u00e7\u00f5es equitativas no campo de jogo. Para competi\u00e7\u00f5es nacionais de clubes, a participa\u00e7\u00e3o dos transg\u00eaneros \u00e9 exclusivamente de responsabilidade das federa\u00e7\u00f5es nacionais\u201d.<\/p>\n<p><strong>&nbsp;<\/strong><\/p>\n","protected":false},"excerpt":{"rendered":"<p>O caso da jogadora de v\u00f4lei transexual,&nbsp;Tiffany Abreu, 34 anos, tem causado mal estar na&nbsp;Superliga Feminina&nbsp;e dividido opini\u00f5es entre especialistas. Na tarde desta quarta-feira, 24, ap\u00f3s uma reuni\u00e3o em Lausanne, na Su\u00ed\u00e7a, integrantes da FIVB (Federa\u00e7\u00e3o Internacional de V\u00f4lei) ratificaram o posicionamento da organiza\u00e7\u00e3o, favor\u00e1vel &#8216;\u00e0 manuten\u00e7\u00e3o de atletas transexuais no esporte. Al\u00e9m de refor\u00e7ar [&hellip;]<\/p>\n","protected":false},"author":96,"featured_media":90634,"comment_status":"closed","ping_status":"closed","sticky":false,"template":"","format":"standard","meta":{"footnotes":""},"categories":[257],"tags":[],"class_list":["post-90635","post","type-post","status-publish","format-standard","has-post-thumbnail","hentry","category-esporte"],"_links":{"self":[{"href":"https:\/\/diarioregionaldigital.com.br\/index.php?rest_route=\/wp\/v2\/posts\/90635","targetHints":{"allow":["GET"]}}],"collection":[{"href":"https:\/\/diarioregionaldigital.com.br\/index.php?rest_route=\/wp\/v2\/posts"}],"about":[{"href":"https:\/\/diarioregionaldigital.com.br\/index.php?rest_route=\/wp\/v2\/types\/post"}],"author":[{"embeddable":true,"href":"https:\/\/diarioregionaldigital.com.br\/index.php?rest_route=\/wp\/v2\/users\/96"}],"replies":[{"embeddable":true,"href":"https:\/\/diarioregionaldigital.com.br\/index.php?rest_route=%2Fwp%2Fv2%2Fcomments&post=90635"}],"version-history":[{"count":0,"href":"https:\/\/diarioregionaldigital.com.br\/index.php?rest_route=\/wp\/v2\/posts\/90635\/revisions"}],"wp:featuredmedia":[{"embeddable":true,"href":"https:\/\/diarioregionaldigital.com.br\/index.php?rest_route=\/wp\/v2\/media\/90634"}],"wp:attachment":[{"href":"https:\/\/diarioregionaldigital.com.br\/index.php?rest_route=%2Fwp%2Fv2%2Fmedia&parent=90635"}],"wp:term":[{"taxonomy":"category","embeddable":true,"href":"https:\/\/diarioregionaldigital.com.br\/index.php?rest_route=%2Fwp%2Fv2%2Fcategories&post=90635"},{"taxonomy":"post_tag","embeddable":true,"href":"https:\/\/diarioregionaldigital.com.br\/index.php?rest_route=%2Fwp%2Fv2%2Ftags&post=90635"}],"curies":[{"name":"wp","href":"https:\/\/api.w.org\/{rel}","templated":true}]}}