{"id":90633,"date":"2018-01-28T14:39:41","date_gmt":"2018-01-28T16:39:41","guid":{"rendered":"http:\/\/diarioregionaljf.com.br\/2018\/01\/28\/etapa-xterra-continua-cancelada-em-juiz-de-fora-e-nesta-temporada-tambem-em-ibitipoca\/"},"modified":"2018-01-28T14:39:41","modified_gmt":"2018-01-28T16:39:41","slug":"etapa-xterra-continua-cancelada-em-juiz-de-fora-e-nesta-temporada-tambem-em-ibitipoca","status":"publish","type":"post","link":"https:\/\/diarioregionaldigital.com.br\/?p=90633","title":{"rendered":"Etapa XTerra continua cancelada em Juiz de Fora e nesta temporada tamb\u00e9m em Ibitipoca"},"content":{"rendered":"<p>Organiza\u00e7\u00e3o divulgou rela\u00e7\u00e3o das cidades que v\u00e3o receber etapas em 2018, Juiz de Fora e Ibitipoca est\u00e3o fora da lista. Amantes do Xterra, tradicional chancela de provas off-road, j\u00e1 podem come\u00e7ar a se programar para as competi\u00e7\u00f5es 2018. O calend\u00e1rio da pr\u00f3xima temporada foi divulgado na \u00faltima semana. No entanto, diferentemente dos dois \u00faltimos anos, a regi\u00e3o de Juiz de Fora n\u00e3o est\u00e1 na lista das cidades que sediar\u00e3o os eventos. Al\u00e9m da prova local, que acontecia tradicionalmente na Represa Doutor Jo\u00e3o Penido, cancelada \u00e0s v\u00e9speras da disputa no ano passado, a etapa Ibitipoca tamb\u00e9m ficou de fora.<\/p>\n<p><strong>Confira o calend\u00e1rio:<\/strong><\/p>\n<p><strong>Costa Verde (Mangaratiba \u2013 RJ)<\/strong>&nbsp;\u2013 10 e 11\/03<br \/> <strong>Camp Ouro Preto (Ouro Preto \u2013 MG)<\/strong>&nbsp;\u2013 28 e 29\/04<br \/> <strong>Etapa Mundial Xterra Brazil (Ilhabela \u2013 SP)<\/strong>&nbsp;\u2013 12 e 13\/05<br \/> <strong>Lagoa dos Ingleses (Nova Lima \u2013 MG)<\/strong>&nbsp;\u2013 21 e 22\/07<br \/> <strong>Estrada Real (Tiradentes \u2013 MG)<\/strong>&nbsp;\u2013 29 e 30\/09<br \/> <strong>Camp Ilha do Mel (Ilha do Mel \u2013 PR)<\/strong>&nbsp;\u2013 10 e 11\/11<br \/> <strong>Paraty (Paraty -RJ)<\/strong>&nbsp;\u2013 1 e 2\/12<\/p>\n<p>&nbsp;<\/p>\n","protected":false},"excerpt":{"rendered":"<p>Organiza\u00e7\u00e3o divulgou rela\u00e7\u00e3o das cidades que v\u00e3o receber etapas em 2018, Juiz de Fora e Ibitipoca est\u00e3o fora da lista. Amantes do Xterra, tradicional chancela de provas off-road, j\u00e1 podem come\u00e7ar a se programar para as competi\u00e7\u00f5es 2018. O calend\u00e1rio da pr\u00f3xima temporada foi divulgado na \u00faltima semana. No entanto, diferentemente dos dois \u00faltimos anos, [&hellip;]<\/p>\n","protected":false},"author":96,"featured_media":90632,"comment_status":"closed","ping_status":"closed","sticky":false,"template":"","format":"standard","meta":{"footnotes":""},"categories":[257],"tags":[],"class_list":["post-90633","post","type-post","status-publish","format-standard","has-post-thumbnail","hentry","category-esporte"],"_links":{"self":[{"href":"https:\/\/diarioregionaldigital.com.br\/index.php?rest_route=\/wp\/v2\/posts\/90633","targetHints":{"allow":["GET"]}}],"collection":[{"href":"https:\/\/diarioregionaldigital.com.br\/index.php?rest_route=\/wp\/v2\/posts"}],"about":[{"href":"https:\/\/diarioregionaldigital.com.br\/index.php?rest_route=\/wp\/v2\/types\/post"}],"author":[{"embeddable":true,"href":"https:\/\/diarioregionaldigital.com.br\/index.php?rest_route=\/wp\/v2\/users\/96"}],"replies":[{"embeddable":true,"href":"https:\/\/diarioregionaldigital.com.br\/index.php?rest_route=%2Fwp%2Fv2%2Fcomments&post=90633"}],"version-history":[{"count":0,"href":"https:\/\/diarioregionaldigital.com.br\/index.php?rest_route=\/wp\/v2\/posts\/90633\/revisions"}],"wp:featuredmedia":[{"embeddable":true,"href":"https:\/\/diarioregionaldigital.com.br\/index.php?rest_route=\/wp\/v2\/media\/90632"}],"wp:attachment":[{"href":"https:\/\/diarioregionaldigital.com.br\/index.php?rest_route=%2Fwp%2Fv2%2Fmedia&parent=90633"}],"wp:term":[{"taxonomy":"category","embeddable":true,"href":"https:\/\/diarioregionaldigital.com.br\/index.php?rest_route=%2Fwp%2Fv2%2Fcategories&post=90633"},{"taxonomy":"post_tag","embeddable":true,"href":"https:\/\/diarioregionaldigital.com.br\/index.php?rest_route=%2Fwp%2Fv2%2Ftags&post=90633"}],"curies":[{"name":"wp","href":"https:\/\/api.w.org\/{rel}","templated":true}]}}