{"id":90629,"date":"2018-01-28T14:25:00","date_gmt":"2018-01-28T16:25:00","guid":{"rendered":"http:\/\/diarioregionaljf.com.br\/2018\/01\/28\/colisao-entre-dois-carros-deixa-um-morto-e-tres-feridos-na-br-262\/"},"modified":"2018-01-28T14:25:00","modified_gmt":"2018-01-28T16:25:00","slug":"colisao-entre-dois-carros-deixa-um-morto-e-tres-feridos-na-br-262","status":"publish","type":"post","link":"https:\/\/diarioregionaldigital.com.br\/?p=90629","title":{"rendered":"Colis\u00e3o entre dois carros deixa um morto e tr\u00eas feridos na BR-267"},"content":{"rendered":"<p>O Corpo de Bombeiros foi acionado para uma ocorr\u00eancia envolvendo dois ve\u00edculos de passeio, na BR-267, pr\u00f3ximo ao trevo de acesso ao munic\u00edpio de Lima Duarte.&nbsp;<\/p>\n<p>O condutor do fusca, com placa de Lima Duarte, veio a \u00f3bito no local, constatado pela m\u00e9dica do SAMU. Outras tr\u00eas v\u00edtimas, ocupantes de um carro Monza, com placa de Juiz de Fora, foram socorridas pelas equipes e conduzidas para a Santa Casa de Lima Duarte e para o Hospital de Pronto Socorro (HPS) em Juiz de Fora.<\/p>\n<p>Os bombeiros fizeram o isolamento do local do acidente e, com a utiliza\u00e7\u00e3o de t\u00e9cnicas adequadas, retiraram o corpo do motorista do fusca que estava encarcerado no interior do ve\u00edculo.<\/p>\n<p>A Pol\u00edcia Militar (PM) e Pol\u00edcia Rodovi\u00e1ria Federal (PRF) tamb\u00e9m estiveram no local.<\/p>\n<p>&nbsp;<\/p>\n<p>Fonte: Assessoria&nbsp;<\/p>\n","protected":false},"excerpt":{"rendered":"<p>O Corpo de Bombeiros foi acionado para uma ocorr\u00eancia envolvendo dois ve\u00edculos de passeio, na BR-267, pr\u00f3ximo ao trevo de acesso ao munic\u00edpio de Lima Duarte.&nbsp; O condutor do fusca, com placa de Lima Duarte, veio a \u00f3bito no local, constatado pela m\u00e9dica do SAMU. Outras tr\u00eas v\u00edtimas, ocupantes de um carro Monza, com placa [&hellip;]<\/p>\n","protected":false},"author":96,"featured_media":90628,"comment_status":"closed","ping_status":"closed","sticky":false,"template":"","format":"standard","meta":{"footnotes":""},"categories":[252],"tags":[],"class_list":["post-90629","post","type-post","status-publish","format-standard","has-post-thumbnail","hentry","category-regiao"],"_links":{"self":[{"href":"https:\/\/diarioregionaldigital.com.br\/index.php?rest_route=\/wp\/v2\/posts\/90629","targetHints":{"allow":["GET"]}}],"collection":[{"href":"https:\/\/diarioregionaldigital.com.br\/index.php?rest_route=\/wp\/v2\/posts"}],"about":[{"href":"https:\/\/diarioregionaldigital.com.br\/index.php?rest_route=\/wp\/v2\/types\/post"}],"author":[{"embeddable":true,"href":"https:\/\/diarioregionaldigital.com.br\/index.php?rest_route=\/wp\/v2\/users\/96"}],"replies":[{"embeddable":true,"href":"https:\/\/diarioregionaldigital.com.br\/index.php?rest_route=%2Fwp%2Fv2%2Fcomments&post=90629"}],"version-history":[{"count":0,"href":"https:\/\/diarioregionaldigital.com.br\/index.php?rest_route=\/wp\/v2\/posts\/90629\/revisions"}],"wp:featuredmedia":[{"embeddable":true,"href":"https:\/\/diarioregionaldigital.com.br\/index.php?rest_route=\/wp\/v2\/media\/90628"}],"wp:attachment":[{"href":"https:\/\/diarioregionaldigital.com.br\/index.php?rest_route=%2Fwp%2Fv2%2Fmedia&parent=90629"}],"wp:term":[{"taxonomy":"category","embeddable":true,"href":"https:\/\/diarioregionaldigital.com.br\/index.php?rest_route=%2Fwp%2Fv2%2Fcategories&post=90629"},{"taxonomy":"post_tag","embeddable":true,"href":"https:\/\/diarioregionaldigital.com.br\/index.php?rest_route=%2Fwp%2Fv2%2Ftags&post=90629"}],"curies":[{"name":"wp","href":"https:\/\/api.w.org\/{rel}","templated":true}]}}