{"id":90627,"date":"2018-01-28T13:27:05","date_gmt":"2018-01-28T15:27:05","guid":{"rendered":"http:\/\/diarioregionaljf.com.br\/2018\/01\/28\/guerreiras-de-clara-promete-emocionar-folioes-em-mais-uma-apresentacao-no-carnaval-de-juiz-de-fora\/"},"modified":"2018-01-28T13:27:05","modified_gmt":"2018-01-28T15:27:05","slug":"guerreiras-de-clara-promete-emocionar-folioes-em-mais-uma-apresentacao-no-carnaval-de-juiz-de-fora","status":"publish","type":"post","link":"https:\/\/diarioregionaldigital.com.br\/?p=90627","title":{"rendered":"Guerreiras de Clara promete emocionar foli\u00f5es em mais uma apresenta\u00e7\u00e3o no Carnaval de Juiz de Fora"},"content":{"rendered":"<p>O grupo Guerreiras de Clara se apresenta mais uma vez no Carnaval de Juiz de Fora neste domingo, 28. Ap\u00f3s emocionar os foli\u00f5es com as m\u00fasicas da cantora no bloco Arteria nesse s\u00e1bado, 27, o grupo sobe ao palco na Pra\u00e7a Agassis, no bairro Mariano Proc\u00f3pio, a partir das 15h.<\/p>\n<p><img loading=\"lazy\" decoding=\"async\" class=\" size-full wp-image-90616\" src=\"http:\/\/diarioregionaljf.com.br\/wp-content\/uploads\/2018\/01\/diario-int-23570-1.jpg\" alt=\"IMG 3540\" style=\"display: block; margin-left: auto; margin-right: auto;\" width=\"675\" height=\"450\" srcset=\"https:\/\/diarioregionaldigital.com.br\/wp-content\/uploads\/2018\/01\/diario-int-23570-1.jpg 675w, https:\/\/diarioregionaldigital.com.br\/wp-content\/uploads\/2018\/01\/diario-int-23570-1-300x200.jpg 300w, https:\/\/diarioregionaldigital.com.br\/wp-content\/uploads\/2018\/01\/diario-int-23570-1-360x240.jpg 360w\" sizes=\"auto, (max-width: 675px) 100vw, 675px\" \/><\/p>\n<p><img loading=\"lazy\" decoding=\"async\" class=\" size-full wp-image-90617\" src=\"http:\/\/diarioregionaljf.com.br\/wp-content\/uploads\/2018\/01\/diario-int-23570-2.jpg\" alt=\"IMG 3542\" style=\"display: block; margin-left: auto; margin-right: auto;\" width=\"675\" height=\"450\" srcset=\"https:\/\/diarioregionaldigital.com.br\/wp-content\/uploads\/2018\/01\/diario-int-23570-2.jpg 675w, https:\/\/diarioregionaldigital.com.br\/wp-content\/uploads\/2018\/01\/diario-int-23570-2-300x200.jpg 300w, https:\/\/diarioregionaldigital.com.br\/wp-content\/uploads\/2018\/01\/diario-int-23570-2-360x240.jpg 360w\" sizes=\"auto, (max-width: 675px) 100vw, 675px\" \/><\/p>\n<p><img loading=\"lazy\" decoding=\"async\" class=\" size-full wp-image-90618\" src=\"http:\/\/diarioregionaljf.com.br\/wp-content\/uploads\/2018\/01\/diario-int-23570-3.jpg\" alt=\"IMG 3681\" style=\"display: block; margin-left: auto; margin-right: auto;\" width=\"675\" height=\"450\" srcset=\"https:\/\/diarioregionaldigital.com.br\/wp-content\/uploads\/2018\/01\/diario-int-23570-3.jpg 675w, https:\/\/diarioregionaldigital.com.br\/wp-content\/uploads\/2018\/01\/diario-int-23570-3-300x200.jpg 300w, https:\/\/diarioregionaldigital.com.br\/wp-content\/uploads\/2018\/01\/diario-int-23570-3-360x240.jpg 360w\" sizes=\"auto, (max-width: 675px) 100vw, 675px\" \/><\/p>\n<p>\u201cVai ter discotecagem, tecido acrob\u00e1tico, dan\u00e7a, capoeira e, \u00e9 claro, muita m\u00fasica boa com Guerreiras de Clara\u201d, contou M\u00e1rcia Tavares, umas das integrantes do grupo.&nbsp;O dj Pedro Paiva do \u201cVinil \u00e9 Arte\u201d ser\u00e1 respons\u00e1vel pela discotecagem e o grupo \u201cTrupe Tear\u201d se apresentar\u00e1 no tecido acrob\u00e1tico. A programa\u00e7\u00e3o tamb\u00e9m conta com muita dan\u00e7a com o grupo \u201ce-Dan\u00e7o\u201d e com o coletivo feminino de capoeira \u201cDe Dandara \u00e0s Marias\u201d.<\/p>\n<p>Outra novidade do Guerreiras de Clara para o Carnaval deste ano \u00e9 uma banda base composta por musicistas convidadas. \u201cA Amana Veiga tocar\u00e1 flauta transversa; teremos a Beth\u00e2nia Discacciati na percuss\u00e3o; N\u00e1dia Ribeiro no vocal; S\u00edlvia Rocha no contrabaixo e a Tam\u00edres Rampinelli tocar\u00e1 viol\u00e3o\u201d, disse Fabr\u00edcia Valle, integrante do Guerreiras de Clara.<\/p>\n<p>&nbsp;<\/p>\n<h4>AS GUERREIRAS DE CLARA<\/h4>\n<p>Guerreiras de Clara \u00e9 um projeto musical, formado exclusivamente por mulheres, com objetivo de homenagear a int\u00e9rprete da m\u00fasica brasileira Clara Nunes. O grupo se destacou ao empregar a sua identidade aos arranjos das m\u00fasicas que consagraram a carreira da cantora.<\/p>\n<p>\u201cN\u00e3o h\u00e1 ningu\u00e9m melhor que a Clara Nunes para representar a mulher, a for\u00e7a feminina e a pot\u00eancia criativa que a mulher tem\u201d, disse M\u00e1rcia sobre a motiva\u00e7\u00e3o do grupo para interpretar as m\u00fasicas da cantora.<\/p>\n<p>A proposta das Guerreiras de Clara \u00e9 colocar, a cada ano, mais mulheres na rua. Para alcan\u00e7ar esse objetivo, o grupo realiza oficinas de percuss\u00e3o em parceria com o projeto \u201cBatuque Delas\u201d. \u201cAbriremos uma oficina no m\u00eas de mar\u00e7o. Quem quiser participar \u00e9 s\u00f3 acompanhar as p\u00e1ginas no Facebook do Guerreiras de Clara e do Batuque Delas. Vale lembrar, que a oficina \u00e9 para mulheres de qualquer forma\u00e7\u00e3o. Portanto, n\u00e3o precisa ser musicista\u201d, ressaltou Fabr\u00edcia.<\/p>\n<p>Atualmente, o grupo se apresenta com cerca de 60 mulheres. \u201cQuando eu entrei no projeto essa ideia j\u00e1 existia [o grupo ser formado s\u00f3 por mulheres]. Mas, o interessante \u00e9 que isso confluiu por um projeto art\u00edstico, que eu acredito, de que as mulheres podem estar onde elas quiserem\u201d, finalizou.<\/p>\n<p><img loading=\"lazy\" decoding=\"async\" class=\" size-full wp-image-90619\" src=\"http:\/\/diarioregionaljf.com.br\/wp-content\/uploads\/2018\/01\/diario-int-23570-4.jpg\" alt=\"IMG_3815.jpg\" width=\"675\" height=\"450\" srcset=\"https:\/\/diarioregionaldigital.com.br\/wp-content\/uploads\/2018\/01\/diario-int-23570-4.jpg 675w, https:\/\/diarioregionaldigital.com.br\/wp-content\/uploads\/2018\/01\/diario-int-23570-4-300x200.jpg 300w, https:\/\/diarioregionaldigital.com.br\/wp-content\/uploads\/2018\/01\/diario-int-23570-4-360x240.jpg 360w\" sizes=\"auto, (max-width: 675px) 100vw, 675px\" \/><\/p>\n<p><img loading=\"lazy\" decoding=\"async\" class=\" size-full wp-image-90620\" src=\"http:\/\/diarioregionaljf.com.br\/wp-content\/uploads\/2018\/01\/diario-int-23570-5.jpg\" alt=\"IMG_3700.jpg\" width=\"675\" height=\"450\" srcset=\"https:\/\/diarioregionaldigital.com.br\/wp-content\/uploads\/2018\/01\/diario-int-23570-5.jpg 675w, https:\/\/diarioregionaldigital.com.br\/wp-content\/uploads\/2018\/01\/diario-int-23570-5-300x200.jpg 300w, https:\/\/diarioregionaldigital.com.br\/wp-content\/uploads\/2018\/01\/diario-int-23570-5-360x240.jpg 360w\" sizes=\"auto, (max-width: 675px) 100vw, 675px\" \/><\/p>\n<p><img loading=\"lazy\" decoding=\"async\" class=\" size-full wp-image-90621\" src=\"http:\/\/diarioregionaljf.com.br\/wp-content\/uploads\/2018\/01\/diario-int-23570-6.jpg\" alt=\"IMG_3703.jpg\" width=\"675\" height=\"450\" srcset=\"https:\/\/diarioregionaldigital.com.br\/wp-content\/uploads\/2018\/01\/diario-int-23570-6.jpg 675w, https:\/\/diarioregionaldigital.com.br\/wp-content\/uploads\/2018\/01\/diario-int-23570-6-300x200.jpg 300w, https:\/\/diarioregionaldigital.com.br\/wp-content\/uploads\/2018\/01\/diario-int-23570-6-360x240.jpg 360w\" sizes=\"auto, (max-width: 675px) 100vw, 675px\" \/><\/p>\n<p><img loading=\"lazy\" decoding=\"async\" class=\" size-full wp-image-90622\" src=\"http:\/\/diarioregionaljf.com.br\/wp-content\/uploads\/2018\/01\/diario-int-23570-7.jpg\" alt=\"IMG_3711.jpg\" width=\"675\" height=\"450\" srcset=\"https:\/\/diarioregionaldigital.com.br\/wp-content\/uploads\/2018\/01\/diario-int-23570-7.jpg 675w, https:\/\/diarioregionaldigital.com.br\/wp-content\/uploads\/2018\/01\/diario-int-23570-7-300x200.jpg 300w, https:\/\/diarioregionaldigital.com.br\/wp-content\/uploads\/2018\/01\/diario-int-23570-7-360x240.jpg 360w\" sizes=\"auto, (max-width: 675px) 100vw, 675px\" \/><\/p>\n<p><img loading=\"lazy\" decoding=\"async\" class=\" size-full wp-image-90623\" src=\"http:\/\/diarioregionaljf.com.br\/wp-content\/uploads\/2018\/01\/diario-int-23570-8.jpg\" alt=\"IMG_3717.jpg\" width=\"675\" height=\"450\" srcset=\"https:\/\/diarioregionaldigital.com.br\/wp-content\/uploads\/2018\/01\/diario-int-23570-8.jpg 675w, https:\/\/diarioregionaldigital.com.br\/wp-content\/uploads\/2018\/01\/diario-int-23570-8-300x200.jpg 300w, https:\/\/diarioregionaldigital.com.br\/wp-content\/uploads\/2018\/01\/diario-int-23570-8-360x240.jpg 360w\" sizes=\"auto, (max-width: 675px) 100vw, 675px\" \/><\/p>\n<p><img loading=\"lazy\" decoding=\"async\" class=\" size-full wp-image-90624\" src=\"http:\/\/diarioregionaljf.com.br\/wp-content\/uploads\/2018\/01\/diario-int-23570-9.jpg\" alt=\"IMG_3741.jpg\" width=\"675\" height=\"450\" srcset=\"https:\/\/diarioregionaldigital.com.br\/wp-content\/uploads\/2018\/01\/diario-int-23570-9.jpg 675w, https:\/\/diarioregionaldigital.com.br\/wp-content\/uploads\/2018\/01\/diario-int-23570-9-300x200.jpg 300w, https:\/\/diarioregionaldigital.com.br\/wp-content\/uploads\/2018\/01\/diario-int-23570-9-360x240.jpg 360w\" sizes=\"auto, (max-width: 675px) 100vw, 675px\" \/><\/p>\n<p><img loading=\"lazy\" decoding=\"async\" class=\" size-full wp-image-90625\" src=\"http:\/\/diarioregionaljf.com.br\/wp-content\/uploads\/2018\/01\/diario-int-23570-10.jpg\" alt=\"IMG_3773.jpg\" width=\"675\" height=\"450\" srcset=\"https:\/\/diarioregionaldigital.com.br\/wp-content\/uploads\/2018\/01\/diario-int-23570-10.jpg 675w, https:\/\/diarioregionaldigital.com.br\/wp-content\/uploads\/2018\/01\/diario-int-23570-10-300x200.jpg 300w, https:\/\/diarioregionaldigital.com.br\/wp-content\/uploads\/2018\/01\/diario-int-23570-10-360x240.jpg 360w\" sizes=\"auto, (max-width: 675px) 100vw, 675px\" \/><\/p>\n<p><img loading=\"lazy\" decoding=\"async\" class=\" size-full wp-image-90626\" src=\"http:\/\/diarioregionaljf.com.br\/wp-content\/uploads\/2018\/01\/diario-int-23570-11.jpg\" alt=\"IMG_3779.jpg\" width=\"675\" height=\"450\" srcset=\"https:\/\/diarioregionaldigital.com.br\/wp-content\/uploads\/2018\/01\/diario-int-23570-11.jpg 675w, https:\/\/diarioregionaldigital.com.br\/wp-content\/uploads\/2018\/01\/diario-int-23570-11-300x200.jpg 300w, https:\/\/diarioregionaldigital.com.br\/wp-content\/uploads\/2018\/01\/diario-int-23570-11-360x240.jpg 360w\" sizes=\"auto, (max-width: 675px) 100vw, 675px\" \/><\/p>\n","protected":false},"excerpt":{"rendered":"<p>O grupo Guerreiras de Clara se apresenta mais uma vez no Carnaval de Juiz de Fora neste domingo, 28. Ap\u00f3s emocionar os foli\u00f5es com as m\u00fasicas da cantora no bloco Arteria nesse s\u00e1bado, 27, o grupo sobe ao palco na Pra\u00e7a Agassis, no bairro Mariano Proc\u00f3pio, a partir das 15h. \u201cVai ter discotecagem, tecido acrob\u00e1tico, [&hellip;]<\/p>\n","protected":false},"author":96,"featured_media":90615,"comment_status":"closed","ping_status":"closed","sticky":false,"template":"","format":"standard","meta":{"footnotes":""},"categories":[253],"tags":[],"class_list":["post-90627","post","type-post","status-publish","format-standard","has-post-thumbnail","hentry","category-cidade"],"_links":{"self":[{"href":"https:\/\/diarioregionaldigital.com.br\/index.php?rest_route=\/wp\/v2\/posts\/90627","targetHints":{"allow":["GET"]}}],"collection":[{"href":"https:\/\/diarioregionaldigital.com.br\/index.php?rest_route=\/wp\/v2\/posts"}],"about":[{"href":"https:\/\/diarioregionaldigital.com.br\/index.php?rest_route=\/wp\/v2\/types\/post"}],"author":[{"embeddable":true,"href":"https:\/\/diarioregionaldigital.com.br\/index.php?rest_route=\/wp\/v2\/users\/96"}],"replies":[{"embeddable":true,"href":"https:\/\/diarioregionaldigital.com.br\/index.php?rest_route=%2Fwp%2Fv2%2Fcomments&post=90627"}],"version-history":[{"count":0,"href":"https:\/\/diarioregionaldigital.com.br\/index.php?rest_route=\/wp\/v2\/posts\/90627\/revisions"}],"wp:featuredmedia":[{"embeddable":true,"href":"https:\/\/diarioregionaldigital.com.br\/index.php?rest_route=\/wp\/v2\/media\/90615"}],"wp:attachment":[{"href":"https:\/\/diarioregionaldigital.com.br\/index.php?rest_route=%2Fwp%2Fv2%2Fmedia&parent=90627"}],"wp:term":[{"taxonomy":"category","embeddable":true,"href":"https:\/\/diarioregionaldigital.com.br\/index.php?rest_route=%2Fwp%2Fv2%2Fcategories&post=90627"},{"taxonomy":"post_tag","embeddable":true,"href":"https:\/\/diarioregionaldigital.com.br\/index.php?rest_route=%2Fwp%2Fv2%2Ftags&post=90627"}],"curies":[{"name":"wp","href":"https:\/\/api.w.org\/{rel}","templated":true}]}}