{"id":90614,"date":"2018-01-27T12:56:12","date_gmt":"2018-01-27T14:56:12","guid":{"rendered":"http:\/\/diarioregionaljf.com.br\/2018\/01\/27\/com-aumento-de-casos-no-verao-saiba-como-evitar-a-conjuntivite\/"},"modified":"2018-01-27T12:56:12","modified_gmt":"2018-01-27T14:56:12","slug":"com-aumento-de-casos-no-verao-saiba-como-evitar-a-conjuntivite","status":"publish","type":"post","link":"https:\/\/diarioregionaldigital.com.br\/?p=90614","title":{"rendered":"Com aumento de casos no ver\u00e3o, saiba como evitar a conjuntivite"},"content":{"rendered":"<p>No ver\u00e3o, uma das doen\u00e7as que tem aumento no n\u00famero de casos \u00e9 a conjuntivite, infec\u00e7\u00e3o que aparece na conjuntiva, a membrana que recobre a parte branca do olho.<\/p>\n<p>A mais comum \u00e9 a causada por v\u00edrus, que \u00e9 mais resistente, circulando com mais facilidade no ar por causa das altas temperaturas e umidade nesta \u00e9poca do ano e tamb\u00e9m em ambientes fechados.<\/p>\n<p>\u201cA gente pega mais f\u00e1cil por contato direto. Se a pessoa coloca a m\u00e3o no olho, d\u00e1 a m\u00e3o para outra pessoa, a\u00ed acaba pegando a conjuntivite. Mas pode pegar at\u00e9 pelo ar\u201d, disse a integrante do Conselho Brasileiro de Oftalmologia (CBO), Cristina Dantas. Piscinas s\u00e3o grandes focos de contamina\u00e7\u00e3o.<\/p>\n<p>&nbsp;<\/p>\n<h4>AUMENTO DE CASOS<\/h4>\n<p>Em Caldas Novas, cidade tur\u00edstica de Goi\u00e1s conhecida pelos clubes e piscinas de \u00e1guas termais, registrou alta de casos da doen\u00e7a neste in\u00edcio de ano. O coordenador do N\u00facleo de Vigil\u00e2ncia Epidemiol\u00f3gica da Secretaria Municipal de Sa\u00fade, Jos\u00e9 Cust\u00f3dio Neto, estima aumento em torno de 40% em rela\u00e7\u00e3o ao mesmo per\u00edodo do ano passado.<\/p>\n<p>O coordenador informou que est\u00e3o sendo feitas notifica\u00e7\u00f5es e coleta de material junto com t\u00e9cnicos do Minist\u00e9rio da Sa\u00fade para verificar se os casos s\u00e3o virais ou causados por bact\u00e9rias.<\/p>\n<p>Al\u00e9m dos fatores clim\u00e1ticos, o movimento nos parques aqu\u00e1ticos cresceram 30% em compara\u00e7\u00e3o ao ano passado. \u201cMais gente aglomerada junta nos parques aqu\u00e1ticos, mais crian\u00e7as\u201d, alerta Cust\u00f3dio.<\/p>\n<p>Em Corumb\u00e1 (MS), a cidade j\u00e1 registrou 378 casos, contra menos de 100 em janeiro de 2017. O per\u00edodo chuvoso, somado \u00e0 maior aglomera\u00e7\u00e3o por causa das f\u00e9rias e \u00e0 m\u00e1 higiene, podem ter provocado esse surto, segundo o secret\u00e1rio Municipal de Sa\u00fade, Rog\u00e9rio Leite.<\/p>\n<p>Pelas redes sociais, a secretaria alerta a popula\u00e7\u00e3o sobre quais provid\u00eancias devem ser tomadas e servidores das unidades de sa\u00fade foram capacitados. \u201cOs casos que os m\u00e9dicos da ponta n\u00e3o conseguem resolver s\u00e3o direcionados aos nossos especialistas\u201d, disse Leite, acrescentando que o \u00e1pice do surto ocorreu h\u00e1 duas semanas.<\/p>\n<h4>SAIBA MAIS SOBRE A CONJUNTIVITE:<\/h4>\n<h6>&nbsp;<\/h6>\n<h6>O que \u00e9 a doen\u00e7a?<\/h6>\n<p>A conjuntivite \u00e9 a inflama\u00e7\u00e3o da conjuntiva, uma membrana que reveste a parte da frente do globo ocular e tamb\u00e9m o interior das p\u00e1lpebras. Pode ser al\u00e9rgica, viral ou bacteriana. Nos dois \u00faltimos casos, \u00e9 contagiosa.<\/p>\n<p>&nbsp;<\/p>\n<h6>Quais s\u00e3o os sintomas ?<\/h6>\n<p>Coceira, olhos vermelhos e lacrimejantes, com sensa\u00e7\u00e3o de areia ou ciscos, secre\u00e7\u00e3o amarelada (quando causada por uma bact\u00e9ria) ou esbranqui\u00e7ada (quando causada por v\u00edrus), p\u00e1lpebras inchadas e grudadas ao acordar e tamb\u00e9m vis\u00e3o borrada.<\/p>\n<p>A doen\u00e7a pode acometer um ou ambos os olhos de uma semana a 15 dias.<\/p>\n<p>&nbsp;<\/p>\n<h6>Como \u00e9 o cont\u00e1gio?<\/h6>\n<p>A conjuntivite al\u00e9rgica acomete mais crian\u00e7as, n\u00e3o \u00e9 contagiosa e \u00e9 provocada pelo \u00e1caro.<\/p>\n<p>A viral e a bacteriana s\u00e3o transmitidas pelo contato com as m\u00e3os, secre\u00e7\u00e3o ou objetos contaminados, como ma\u00e7anetas, toalhas e \u00e1gua de piscina, em especial morna e com pouco cloro. Em ambientes fechados e com grande circula\u00e7\u00e3o, como escolas ou \u00f4nibus, o risco de contamina\u00e7\u00e3o aumenta. As duas s\u00e3o diferenciadas somente por meio de exame oftalmol\u00f3gico.<\/p>\n<p>A viral, geralmente, ataca os dois olhos e a secre\u00e7\u00e3o \u00e9 esbranqui\u00e7ada. A conjuntivite bacteriana d\u00e1 em um olho s\u00f3, com secre\u00e7\u00e3o mais amarelada ou esverdeada.<\/p>\n<p>&nbsp;<\/p>\n<h6>Como evitar?<\/h6>\n<p>Evite co\u00e7ar os olhos em locais com grande aglomera\u00e7\u00e3o, como piscinas e academias. As m\u00e3os e o rosto devem ser higienizados com frequ\u00eancia.<\/p>\n<p>Quem estiver doente deve lavar as m\u00e3os com frequ\u00eancia, trocar fronhas de travesseiros e toalhas diariamente, preferir toalhas de papel na hora de enxugar o rosto e evitar compartilhar produtos para os olhos, como delineador e r\u00edmel.<\/p>\n<p>&nbsp;<\/p>\n<h6>Como \u00e9 o tratamento?<\/h6>\n<p>No caso da conjuntivite viral, n\u00e3o existe tratamento espec\u00edfico. A m\u00e9dica Cristina Dantas recomenda o uso de compressas frias ou geladas e aplica\u00e7\u00e3o de col\u00edrio lubrificante gelado v\u00e1rias vezes por dia para aliviar.<\/p>\n<p>Para a bacteriana, o tratamento \u00e9 com col\u00edrio antibi\u00f3tico. \u00c9 recomendado lavar os olhos e fazer compressas de \u00e1gua gelada, filtrada e fervida, ou soro fisiol\u00f3gico. Nos casos mais graves, a c\u00f3rnea pode ser perfurada.<\/p>\n<p>A conjuntivite al\u00e9rgica \u00e9 tratada com col\u00edrio antial\u00e9rgico. No caso das crian\u00e7as, a m\u00e9dica alerta para necessidade do tratamento, pois as chances de uma \u00falcera ou ferida na c\u00f3rnea s\u00e3o maiores.<\/p>\n<p>Sempre procure um oftalmologista para o diagn\u00f3stico correto.<\/p>\n<p>Fonte: Ag\u00eancia Brasil<\/p>\n","protected":false},"excerpt":{"rendered":"<p>No ver\u00e3o, uma das doen\u00e7as que tem aumento no n\u00famero de casos \u00e9 a conjuntivite, infec\u00e7\u00e3o que aparece na conjuntiva, a membrana que recobre a parte branca do olho. A mais comum \u00e9 a causada por v\u00edrus, que \u00e9 mais resistente, circulando com mais facilidade no ar por causa das altas temperaturas e umidade nesta [&hellip;]<\/p>\n","protected":false},"author":96,"featured_media":90613,"comment_status":"closed","ping_status":"closed","sticky":false,"template":"","format":"standard","meta":{"footnotes":""},"categories":[302],"tags":[],"class_list":["post-90614","post","type-post","status-publish","format-standard","has-post-thumbnail","hentry","category-brasil-mundo"],"_links":{"self":[{"href":"https:\/\/diarioregionaldigital.com.br\/index.php?rest_route=\/wp\/v2\/posts\/90614","targetHints":{"allow":["GET"]}}],"collection":[{"href":"https:\/\/diarioregionaldigital.com.br\/index.php?rest_route=\/wp\/v2\/posts"}],"about":[{"href":"https:\/\/diarioregionaldigital.com.br\/index.php?rest_route=\/wp\/v2\/types\/post"}],"author":[{"embeddable":true,"href":"https:\/\/diarioregionaldigital.com.br\/index.php?rest_route=\/wp\/v2\/users\/96"}],"replies":[{"embeddable":true,"href":"https:\/\/diarioregionaldigital.com.br\/index.php?rest_route=%2Fwp%2Fv2%2Fcomments&post=90614"}],"version-history":[{"count":0,"href":"https:\/\/diarioregionaldigital.com.br\/index.php?rest_route=\/wp\/v2\/posts\/90614\/revisions"}],"wp:featuredmedia":[{"embeddable":true,"href":"https:\/\/diarioregionaldigital.com.br\/index.php?rest_route=\/wp\/v2\/media\/90613"}],"wp:attachment":[{"href":"https:\/\/diarioregionaldigital.com.br\/index.php?rest_route=%2Fwp%2Fv2%2Fmedia&parent=90614"}],"wp:term":[{"taxonomy":"category","embeddable":true,"href":"https:\/\/diarioregionaldigital.com.br\/index.php?rest_route=%2Fwp%2Fv2%2Fcategories&post=90614"},{"taxonomy":"post_tag","embeddable":true,"href":"https:\/\/diarioregionaldigital.com.br\/index.php?rest_route=%2Fwp%2Fv2%2Ftags&post=90614"}],"curies":[{"name":"wp","href":"https:\/\/api.w.org\/{rel}","templated":true}]}}