{"id":90612,"date":"2018-01-27T12:32:26","date_gmt":"2018-01-27T14:32:26","guid":{"rendered":"http:\/\/diarioregionaljf.com.br\/2018\/01\/27\/bandeira-tarifaria-da-conta-de-luz-em-fevereiro-sera-verde\/"},"modified":"2018-01-27T12:32:26","modified_gmt":"2018-01-27T14:32:26","slug":"bandeira-tarifaria-da-conta-de-luz-em-fevereiro-sera-verde","status":"publish","type":"post","link":"https:\/\/diarioregionaldigital.com.br\/?p=90612","title":{"rendered":"Bandeira tarif\u00e1ria da conta de luz em fevereiro ser\u00e1 verde"},"content":{"rendered":"<p>A Ag\u00eancia Nacional de Energia El\u00e9trica (Aneel) confirmou nessa sexta-feira, 26, que a bandeira tarif\u00e1ria de fevereiro continuar\u00e1 verde, o que significa que n\u00e3o haver\u00e1 cobran\u00e7a extra nas contas de luz. A manuten\u00e7\u00e3o da bandeira verde havia sido anunciada pelo diretor-presidente da ag\u00eancia, Romeu Rufino, na \u00faltima ter\u00e7a-feira, 23.<\/p>\n<p>Segundo Rufino, o volume de chuvas nos meses de dezembro e janeiro permitiu a manuten\u00e7\u00e3o da bandeira verde, por causa da melhora no n\u00edvel dos reservat\u00f3rios das hidrel\u00e9tricas.<\/p>\n<p>As bandeiras tarif\u00e1rias amarela e vermelha, com cobran\u00e7a adicional na conta de luz, s\u00e3o acionadas quando as termel\u00e9tricas a g\u00e1s, mais caras, precisam ser colocadas em funcionamento para produ\u00e7\u00e3o de energia el\u00e9trica.<\/p>\n<p>Em outubro e novembro de 2017, vigorou a bandeira vermelha patamar 2, a mais alta prevista pela ag\u00eancia. Em outubro, o acr\u00e9scimo foi de R$3,50 a cada 100 kilowatt\/hora (kWh) consumidos no m\u00eas. Em novembro, o valor adicional, reajustado pela ag\u00eancia, passou para R$5 a cada 100 kWh.<\/p>\n<p>J\u00e1 em dezembro, em raz\u00e3o do in\u00edcio do per\u00edodo chuvoso, a ag\u00eancia reguladora determinou a cobran\u00e7a da bandeira vermelha patamar 1, com cobran\u00e7a extra de R$3 a cada 100 kWh.<\/p>\n<p>Fonte: Ag\u00eancia Brasil<\/p>\n","protected":false},"excerpt":{"rendered":"<p>A Ag\u00eancia Nacional de Energia El\u00e9trica (Aneel) confirmou nessa sexta-feira, 26, que a bandeira tarif\u00e1ria de fevereiro continuar\u00e1 verde, o que significa que n\u00e3o haver\u00e1 cobran\u00e7a extra nas contas de luz. A manuten\u00e7\u00e3o da bandeira verde havia sido anunciada pelo diretor-presidente da ag\u00eancia, Romeu Rufino, na \u00faltima ter\u00e7a-feira, 23. Segundo Rufino, o volume de chuvas [&hellip;]<\/p>\n","protected":false},"author":96,"featured_media":0,"comment_status":"closed","ping_status":"closed","sticky":false,"template":"","format":"standard","meta":{"footnotes":""},"categories":[261],"tags":[],"class_list":["post-90612","post","type-post","status-publish","format-standard","hentry","category-economia"],"_links":{"self":[{"href":"https:\/\/diarioregionaldigital.com.br\/index.php?rest_route=\/wp\/v2\/posts\/90612","targetHints":{"allow":["GET"]}}],"collection":[{"href":"https:\/\/diarioregionaldigital.com.br\/index.php?rest_route=\/wp\/v2\/posts"}],"about":[{"href":"https:\/\/diarioregionaldigital.com.br\/index.php?rest_route=\/wp\/v2\/types\/post"}],"author":[{"embeddable":true,"href":"https:\/\/diarioregionaldigital.com.br\/index.php?rest_route=\/wp\/v2\/users\/96"}],"replies":[{"embeddable":true,"href":"https:\/\/diarioregionaldigital.com.br\/index.php?rest_route=%2Fwp%2Fv2%2Fcomments&post=90612"}],"version-history":[{"count":0,"href":"https:\/\/diarioregionaldigital.com.br\/index.php?rest_route=\/wp\/v2\/posts\/90612\/revisions"}],"wp:attachment":[{"href":"https:\/\/diarioregionaldigital.com.br\/index.php?rest_route=%2Fwp%2Fv2%2Fmedia&parent=90612"}],"wp:term":[{"taxonomy":"category","embeddable":true,"href":"https:\/\/diarioregionaldigital.com.br\/index.php?rest_route=%2Fwp%2Fv2%2Fcategories&post=90612"},{"taxonomy":"post_tag","embeddable":true,"href":"https:\/\/diarioregionaldigital.com.br\/index.php?rest_route=%2Fwp%2Fv2%2Ftags&post=90612"}],"curies":[{"name":"wp","href":"https:\/\/api.w.org\/{rel}","templated":true}]}}