{"id":90611,"date":"2018-01-27T12:23:20","date_gmt":"2018-01-27T14:23:20","guid":{"rendered":"http:\/\/diarioregionaljf.com.br\/2018\/01\/27\/jovem-e-vitima-de-tentativa-de-homicidio-no-vila-esperanca-ii\/"},"modified":"2018-01-27T12:23:20","modified_gmt":"2018-01-27T14:23:20","slug":"jovem-e-vitima-de-tentativa-de-homicidio-no-vila-esperanca-ii","status":"publish","type":"post","link":"https:\/\/diarioregionaldigital.com.br\/?p=90611","title":{"rendered":"Jovem \u00e9 v\u00edtima de tentativa de homic\u00eddio no Vila Esperan\u00e7a II"},"content":{"rendered":"<p>Um jovem de 25 anos foi v\u00edtima de uma tentativa de homic\u00eddio na noite dessa sexta-feira, 26, na Rua Nestor Campos, situada no bairro Vila Esperan\u00e7a II, zona Norte. Segundo informa\u00e7\u00f5es da Pol\u00edcia Militar (PM), os militares foram at\u00e9 o local para apurar a den\u00fancia que havia ocorrido disparos de arma de fogo. Eles foram informados que a v\u00edtima foi alvejada e socorrida por um conhecido. Os policiais tamb\u00e9m receberam a informa\u00e7\u00e3o que os autores dos tiros seriam dois homens, de 30 e 31 anos, e a motiva\u00e7\u00e3o seria um furto.<\/p>\n<p>De acordo com o registro da ocorr\u00eancia, antes da chegada da pol\u00edcia, seis jovens, com idades entre 16 e 21 anos, foram at\u00e9 a casa do autor de 31 anos ap\u00f3s tomarem ci\u00eancia dos fatos. No local, o grupo amea\u00e7ou os familiares do homem e afirmou que atearia fogo no im\u00f3vel. Em seguida, eles jogaram uma pedra em um carro, quebrando o para-brisa, e tentaram agredir um familiar do autor, mas foram impedidos por populares.<\/p>\n<p>Depois, eles invadiram a casa do outro autor. O grupo revirou os pertences do homem e ateou fogo na resid\u00eancia. As chamas danificaram a sala da casa, que foram combatidas pelo Corpo de Bombeiros. Segundo informa\u00e7\u00f5es da PM, um adolescente de 17 anos e um jovem de 21, que cometeram os crimes, pertencem a mesma gangue que a v\u00edtima da tentativa de homic\u00eddio.<\/p>\n<p>Os policiais realizaram buscas pela regi\u00e3o e localizaram o autor de 17 e mais dois comparsas, 16 e 18 anos. O trio foi apreendido e conduzido \u00e0 delegacia.&nbsp;Os demais n\u00e3o foram localizados.&nbsp;<\/p>\n","protected":false},"excerpt":{"rendered":"<p>Um jovem de 25 anos foi v\u00edtima de uma tentativa de homic\u00eddio na noite dessa sexta-feira, 26, na Rua Nestor Campos, situada no bairro Vila Esperan\u00e7a II, zona Norte. Segundo informa\u00e7\u00f5es da Pol\u00edcia Militar (PM), os militares foram at\u00e9 o local para apurar a den\u00fancia que havia ocorrido disparos de arma de fogo. Eles foram [&hellip;]<\/p>\n","protected":false},"author":96,"featured_media":90610,"comment_status":"closed","ping_status":"closed","sticky":false,"template":"","format":"standard","meta":{"footnotes":""},"categories":[301],"tags":[],"class_list":["post-90611","post","type-post","status-publish","format-standard","has-post-thumbnail","hentry","category-artigos-policiais"],"_links":{"self":[{"href":"https:\/\/diarioregionaldigital.com.br\/index.php?rest_route=\/wp\/v2\/posts\/90611","targetHints":{"allow":["GET"]}}],"collection":[{"href":"https:\/\/diarioregionaldigital.com.br\/index.php?rest_route=\/wp\/v2\/posts"}],"about":[{"href":"https:\/\/diarioregionaldigital.com.br\/index.php?rest_route=\/wp\/v2\/types\/post"}],"author":[{"embeddable":true,"href":"https:\/\/diarioregionaldigital.com.br\/index.php?rest_route=\/wp\/v2\/users\/96"}],"replies":[{"embeddable":true,"href":"https:\/\/diarioregionaldigital.com.br\/index.php?rest_route=%2Fwp%2Fv2%2Fcomments&post=90611"}],"version-history":[{"count":0,"href":"https:\/\/diarioregionaldigital.com.br\/index.php?rest_route=\/wp\/v2\/posts\/90611\/revisions"}],"wp:featuredmedia":[{"embeddable":true,"href":"https:\/\/diarioregionaldigital.com.br\/index.php?rest_route=\/wp\/v2\/media\/90610"}],"wp:attachment":[{"href":"https:\/\/diarioregionaldigital.com.br\/index.php?rest_route=%2Fwp%2Fv2%2Fmedia&parent=90611"}],"wp:term":[{"taxonomy":"category","embeddable":true,"href":"https:\/\/diarioregionaldigital.com.br\/index.php?rest_route=%2Fwp%2Fv2%2Fcategories&post=90611"},{"taxonomy":"post_tag","embeddable":true,"href":"https:\/\/diarioregionaldigital.com.br\/index.php?rest_route=%2Fwp%2Fv2%2Ftags&post=90611"}],"curies":[{"name":"wp","href":"https:\/\/api.w.org\/{rel}","templated":true}]}}