{"id":90609,"date":"2018-01-27T11:48:52","date_gmt":"2018-01-27T13:48:52","guid":{"rendered":"http:\/\/diarioregionaljf.com.br\/2018\/01\/27\/trio-rouba-carro-e-r-1-200-no-bairro-novo-horizonte\/"},"modified":"2018-01-27T11:48:52","modified_gmt":"2018-01-27T13:48:52","slug":"trio-rouba-carro-e-r-1-200-no-bairro-novo-horizonte","status":"publish","type":"post","link":"https:\/\/diarioregionaldigital.com.br\/?p=90609","title":{"rendered":"Trio rouba carro e R$1.200 no bairro Novo Horizonte"},"content":{"rendered":"<p>Um homem de 32 anos foi agredido e roubado na noite dessa sexta-feira, 26, na Rua Rosas, localizada no bairro Novo Horizonte, Cidade Alta. Conforme informa\u00e7\u00f5es da Pol\u00edcia Militar (PM), a v\u00edtima estava em seu ve\u00edculo, um gol G4, quando foi abordada por tr\u00eas indiv\u00edduos, um deles em posse de uma arma de fogo.<\/p>\n<p>Ap\u00f3s agredirem o homem, o trio roubou o celular dele, R$1.200 e o carro. Eles fugiram em seguida e, at\u00e9 o momento, ningu\u00e9m foi encontrado.<\/p>\n","protected":false},"excerpt":{"rendered":"<p>Um homem de 32 anos foi agredido e roubado na noite dessa sexta-feira, 26, na Rua Rosas, localizada no bairro Novo Horizonte, Cidade Alta. Conforme informa\u00e7\u00f5es da Pol\u00edcia Militar (PM), a v\u00edtima estava em seu ve\u00edculo, um gol G4, quando foi abordada por tr\u00eas indiv\u00edduos, um deles em posse de uma arma de fogo. Ap\u00f3s [&hellip;]<\/p>\n","protected":false},"author":96,"featured_media":90608,"comment_status":"closed","ping_status":"closed","sticky":false,"template":"","format":"standard","meta":{"footnotes":""},"categories":[301],"tags":[],"class_list":["post-90609","post","type-post","status-publish","format-standard","has-post-thumbnail","hentry","category-artigos-policiais"],"_links":{"self":[{"href":"https:\/\/diarioregionaldigital.com.br\/index.php?rest_route=\/wp\/v2\/posts\/90609","targetHints":{"allow":["GET"]}}],"collection":[{"href":"https:\/\/diarioregionaldigital.com.br\/index.php?rest_route=\/wp\/v2\/posts"}],"about":[{"href":"https:\/\/diarioregionaldigital.com.br\/index.php?rest_route=\/wp\/v2\/types\/post"}],"author":[{"embeddable":true,"href":"https:\/\/diarioregionaldigital.com.br\/index.php?rest_route=\/wp\/v2\/users\/96"}],"replies":[{"embeddable":true,"href":"https:\/\/diarioregionaldigital.com.br\/index.php?rest_route=%2Fwp%2Fv2%2Fcomments&post=90609"}],"version-history":[{"count":0,"href":"https:\/\/diarioregionaldigital.com.br\/index.php?rest_route=\/wp\/v2\/posts\/90609\/revisions"}],"wp:featuredmedia":[{"embeddable":true,"href":"https:\/\/diarioregionaldigital.com.br\/index.php?rest_route=\/wp\/v2\/media\/90608"}],"wp:attachment":[{"href":"https:\/\/diarioregionaldigital.com.br\/index.php?rest_route=%2Fwp%2Fv2%2Fmedia&parent=90609"}],"wp:term":[{"taxonomy":"category","embeddable":true,"href":"https:\/\/diarioregionaldigital.com.br\/index.php?rest_route=%2Fwp%2Fv2%2Fcategories&post=90609"},{"taxonomy":"post_tag","embeddable":true,"href":"https:\/\/diarioregionaldigital.com.br\/index.php?rest_route=%2Fwp%2Fv2%2Ftags&post=90609"}],"curies":[{"name":"wp","href":"https:\/\/api.w.org\/{rel}","templated":true}]}}