{"id":90607,"date":"2018-01-27T11:34:51","date_gmt":"2018-01-27T13:34:51","guid":{"rendered":"http:\/\/diarioregionaljf.com.br\/2018\/01\/27\/homem-tem-dinheiro-e-celular-roubados-no-sao-pedro\/"},"modified":"2018-01-27T11:34:51","modified_gmt":"2018-01-27T13:34:51","slug":"homem-tem-dinheiro-e-celular-roubados-no-sao-pedro","status":"publish","type":"post","link":"https:\/\/diarioregionaldigital.com.br\/?p=90607","title":{"rendered":"Homem tem dinheiro e celular roubados no S\u00e3o Pedro"},"content":{"rendered":"<p>Um homem de 58 anos foi assaltado na Rua Jos\u00e9 Louren\u00e7o Kelmer, situada no bairro S\u00e3o Pedro, Cidade Alta, na manh\u00e3 dessa sexta-feira, 26. Segundo o registro da ocorr\u00eancia, a v\u00edtima foi abordada por um homem, que de posse de uma faca, anunciou o assalto e roubou R$234 e um celular.<\/p>\n","protected":false},"excerpt":{"rendered":"<p>Um homem de 58 anos foi assaltado na Rua Jos\u00e9 Louren\u00e7o Kelmer, situada no bairro S\u00e3o Pedro, Cidade Alta, na manh\u00e3 dessa sexta-feira, 26. Segundo o registro da ocorr\u00eancia, a v\u00edtima foi abordada por um homem, que de posse de uma faca, anunciou o assalto e roubou R$234 e um celular.<\/p>\n","protected":false},"author":96,"featured_media":90606,"comment_status":"closed","ping_status":"closed","sticky":false,"template":"","format":"standard","meta":{"footnotes":""},"categories":[301],"tags":[],"class_list":["post-90607","post","type-post","status-publish","format-standard","has-post-thumbnail","hentry","category-artigos-policiais"],"_links":{"self":[{"href":"https:\/\/diarioregionaldigital.com.br\/index.php?rest_route=\/wp\/v2\/posts\/90607","targetHints":{"allow":["GET"]}}],"collection":[{"href":"https:\/\/diarioregionaldigital.com.br\/index.php?rest_route=\/wp\/v2\/posts"}],"about":[{"href":"https:\/\/diarioregionaldigital.com.br\/index.php?rest_route=\/wp\/v2\/types\/post"}],"author":[{"embeddable":true,"href":"https:\/\/diarioregionaldigital.com.br\/index.php?rest_route=\/wp\/v2\/users\/96"}],"replies":[{"embeddable":true,"href":"https:\/\/diarioregionaldigital.com.br\/index.php?rest_route=%2Fwp%2Fv2%2Fcomments&post=90607"}],"version-history":[{"count":0,"href":"https:\/\/diarioregionaldigital.com.br\/index.php?rest_route=\/wp\/v2\/posts\/90607\/revisions"}],"wp:featuredmedia":[{"embeddable":true,"href":"https:\/\/diarioregionaldigital.com.br\/index.php?rest_route=\/wp\/v2\/media\/90606"}],"wp:attachment":[{"href":"https:\/\/diarioregionaldigital.com.br\/index.php?rest_route=%2Fwp%2Fv2%2Fmedia&parent=90607"}],"wp:term":[{"taxonomy":"category","embeddable":true,"href":"https:\/\/diarioregionaldigital.com.br\/index.php?rest_route=%2Fwp%2Fv2%2Fcategories&post=90607"},{"taxonomy":"post_tag","embeddable":true,"href":"https:\/\/diarioregionaldigital.com.br\/index.php?rest_route=%2Fwp%2Fv2%2Ftags&post=90607"}],"curies":[{"name":"wp","href":"https:\/\/api.w.org\/{rel}","templated":true}]}}