{"id":90605,"date":"2018-01-27T11:27:42","date_gmt":"2018-01-27T13:27:42","guid":{"rendered":"http:\/\/diarioregionaljf.com.br\/2018\/01\/27\/homem-e-preso-ao-furtar-25-barras-de-chocolate-em-supermercado\/"},"modified":"2018-01-27T11:27:42","modified_gmt":"2018-01-27T13:27:42","slug":"homem-e-preso-ao-furtar-25-barras-de-chocolate-em-supermercado","status":"publish","type":"post","link":"https:\/\/diarioregionaldigital.com.br\/?p=90605","title":{"rendered":"Homem \u00e9 preso ao furtar 25 barras de chocolate em supermercado"},"content":{"rendered":"<p>Um homem foi preso na noite dessa sexta-feira, 26, ap\u00f3s furtar 25 barras de chocolate em um supermercado na regi\u00e3o central de Muria\u00e9. Ele foi flagrado e abordado por funcion\u00e1rios do estabelecimento que acionaram a Pol\u00edcia Militar (PM).<\/p>\n<p>Segundo registro policial, o autor entrou no supermercado, fez compra de diversos alimentos, passou no caixa e efetuou o pagamento. Por\u00e9m, o cliente retornou para o interior da loja pegou 25 barras de chocolate de v\u00e1rias marcas, colocou em uma sacola preta e saiu sem pagar pelos produtos.<\/p>\n<p>A\u00e7\u00e3o foi registrada pelo sistema de monitoramento do estabelecimento. O autor foi abordado e detido pelos funcion\u00e1rios do supermercado j\u00e1 na rua.<\/p>\n<p>A PM foi acionada e, segundo o BO, o autor confessou que furtou os produtos na inten\u00e7\u00e3o de revend\u00ea-los.<\/p>\n<p>O suspeito foi preso em flagrante e levado para a Delegacia de Pol\u00edcia Civil, no bairro Safira.<\/p>\n<p>Fonte: R\u00e1dio Muria\u00e9<\/p>\n","protected":false},"excerpt":{"rendered":"<p>Um homem foi preso na noite dessa sexta-feira, 26, ap\u00f3s furtar 25 barras de chocolate em um supermercado na regi\u00e3o central de Muria\u00e9. Ele foi flagrado e abordado por funcion\u00e1rios do estabelecimento que acionaram a Pol\u00edcia Militar (PM). Segundo registro policial, o autor entrou no supermercado, fez compra de diversos alimentos, passou no caixa e [&hellip;]<\/p>\n","protected":false},"author":96,"featured_media":90604,"comment_status":"closed","ping_status":"closed","sticky":false,"template":"","format":"standard","meta":{"footnotes":""},"categories":[252],"tags":[],"class_list":["post-90605","post","type-post","status-publish","format-standard","has-post-thumbnail","hentry","category-regiao"],"_links":{"self":[{"href":"https:\/\/diarioregionaldigital.com.br\/index.php?rest_route=\/wp\/v2\/posts\/90605","targetHints":{"allow":["GET"]}}],"collection":[{"href":"https:\/\/diarioregionaldigital.com.br\/index.php?rest_route=\/wp\/v2\/posts"}],"about":[{"href":"https:\/\/diarioregionaldigital.com.br\/index.php?rest_route=\/wp\/v2\/types\/post"}],"author":[{"embeddable":true,"href":"https:\/\/diarioregionaldigital.com.br\/index.php?rest_route=\/wp\/v2\/users\/96"}],"replies":[{"embeddable":true,"href":"https:\/\/diarioregionaldigital.com.br\/index.php?rest_route=%2Fwp%2Fv2%2Fcomments&post=90605"}],"version-history":[{"count":0,"href":"https:\/\/diarioregionaldigital.com.br\/index.php?rest_route=\/wp\/v2\/posts\/90605\/revisions"}],"wp:featuredmedia":[{"embeddable":true,"href":"https:\/\/diarioregionaldigital.com.br\/index.php?rest_route=\/wp\/v2\/media\/90604"}],"wp:attachment":[{"href":"https:\/\/diarioregionaldigital.com.br\/index.php?rest_route=%2Fwp%2Fv2%2Fmedia&parent=90605"}],"wp:term":[{"taxonomy":"category","embeddable":true,"href":"https:\/\/diarioregionaldigital.com.br\/index.php?rest_route=%2Fwp%2Fv2%2Fcategories&post=90605"},{"taxonomy":"post_tag","embeddable":true,"href":"https:\/\/diarioregionaldigital.com.br\/index.php?rest_route=%2Fwp%2Fv2%2Ftags&post=90605"}],"curies":[{"name":"wp","href":"https:\/\/api.w.org\/{rel}","templated":true}]}}