{"id":90601,"date":"2018-01-27T11:05:22","date_gmt":"2018-01-27T13:05:22","guid":{"rendered":"http:\/\/diarioregionaljf.com.br\/2018\/01\/27\/defesa-de-lula-recorre-ao-trf1-para-reaver-passaporte-do-ex-presidente\/"},"modified":"2018-01-27T11:05:22","modified_gmt":"2018-01-27T13:05:22","slug":"defesa-de-lula-recorre-ao-trf1-para-reaver-passaporte-do-ex-presidente","status":"publish","type":"post","link":"https:\/\/diarioregionaldigital.com.br\/?p=90601","title":{"rendered":"Defesa de Lula recorre ao TRF1 para reaver passaporte do ex-presidente"},"content":{"rendered":"<p>A defesa do ex-presidente Luiz In\u00e1cio Lula da Silva recorreu nessa sexta-feira, 26, ao Tribunal Regional Federal da 1\u00ba Regi\u00e3o (TRF1), sediado em Bras\u00edlia, para anular a decis\u00e3o que determinou a apreens\u00e3o do passaporte do ex-presidente e o proibiu de deixar o pa\u00eds.<\/p>\n<p>No habeas corpus, o advogado Cristiano Zanin argumenta que a liminar, concedida por um juiz federal de Bras\u00edlia, n\u00e3o tem fundamento concreto e est\u00e1 baseada em suposi\u00e7\u00f5es.<\/p>\n<p>\u201cOnde est\u00e1 a declara\u00e7\u00e3o a indicar que o paciente [Lula] estaria disposto a pedir asilo pol\u00edtico? Em lugar algum! A verdade \u00e9 que n\u00e3o h\u00e1 nenhuma evid\u00eancia, ainda que m\u00ednima, de que o paciente pretenda solicitar asilo pol\u00edtico em qualquer lugar que seja ou mesmo se subtrair da autoridade da decis\u00e3o do Poder Judici\u00e1rio Nacional\u201d, sustenta o advogado.<\/p>\n<p>Na quinta-feira, 25, o juiz federal Ricardo Leite, da 10\u00aa Vara Federal em Bras\u00edlia, determinou apreens\u00e3o do passaporte e proibiu o ex-presidente de sair do pa\u00eds. A medida foi solicitada pelo Minist\u00e9rio P\u00fablico Federal (MPF) em virtude de uma viagem que o ex-presidente faria ontem \u00e0 Eti\u00f3pia para participar de um evento da Organiza\u00e7\u00e3o das Na\u00e7\u00f5es Unidas para Agricultura e Alimenta\u00e7\u00e3o (FAO).<\/p>\n<p>O magistrado entendeu que a viagem poderia trazer riscos para investiga\u00e7\u00e3o, como a fuga do pa\u00eds. Um dos fatores que levaram \u00e0 concess\u00e3o da liminar foi a decis\u00e3o do TRF-4 que, nesta semana, confirmou a condena\u00e7\u00e3o de Lula na a\u00e7\u00e3o penal envolvendo o tr\u00edplex no Guaruj\u00e1 (SP) e aumentou a pena do ex-presidente para 12 anos e um m\u00eas de pris\u00e3o.<\/p>\n<p>A medida cautelar foi autorizada no \u00e2mbito do processo em que Lula \u00e9 acusado na Justi\u00e7a do Distrito Federal do crime de tr\u00e1fico de influ\u00eancia na compra, pelo governo federal, de ca\u00e7as da For\u00e7a A\u00e9rea Brasileira (FAB) da empresa sueca Saab.<\/p>\n<p>Fonte: Ag\u00eancia Brasil<\/p>\n","protected":false},"excerpt":{"rendered":"<p>A defesa do ex-presidente Luiz In\u00e1cio Lula da Silva recorreu nessa sexta-feira, 26, ao Tribunal Regional Federal da 1\u00ba Regi\u00e3o (TRF1), sediado em Bras\u00edlia, para anular a decis\u00e3o que determinou a apreens\u00e3o do passaporte do ex-presidente e o proibiu de deixar o pa\u00eds. No habeas corpus, o advogado Cristiano Zanin argumenta que a liminar, concedida [&hellip;]<\/p>\n","protected":false},"author":96,"featured_media":90600,"comment_status":"closed","ping_status":"closed","sticky":false,"template":"","format":"standard","meta":{"footnotes":""},"categories":[254],"tags":[],"class_list":["post-90601","post","type-post","status-publish","format-standard","has-post-thumbnail","hentry","category-politica"],"_links":{"self":[{"href":"https:\/\/diarioregionaldigital.com.br\/index.php?rest_route=\/wp\/v2\/posts\/90601","targetHints":{"allow":["GET"]}}],"collection":[{"href":"https:\/\/diarioregionaldigital.com.br\/index.php?rest_route=\/wp\/v2\/posts"}],"about":[{"href":"https:\/\/diarioregionaldigital.com.br\/index.php?rest_route=\/wp\/v2\/types\/post"}],"author":[{"embeddable":true,"href":"https:\/\/diarioregionaldigital.com.br\/index.php?rest_route=\/wp\/v2\/users\/96"}],"replies":[{"embeddable":true,"href":"https:\/\/diarioregionaldigital.com.br\/index.php?rest_route=%2Fwp%2Fv2%2Fcomments&post=90601"}],"version-history":[{"count":0,"href":"https:\/\/diarioregionaldigital.com.br\/index.php?rest_route=\/wp\/v2\/posts\/90601\/revisions"}],"wp:featuredmedia":[{"embeddable":true,"href":"https:\/\/diarioregionaldigital.com.br\/index.php?rest_route=\/wp\/v2\/media\/90600"}],"wp:attachment":[{"href":"https:\/\/diarioregionaldigital.com.br\/index.php?rest_route=%2Fwp%2Fv2%2Fmedia&parent=90601"}],"wp:term":[{"taxonomy":"category","embeddable":true,"href":"https:\/\/diarioregionaldigital.com.br\/index.php?rest_route=%2Fwp%2Fv2%2Fcategories&post=90601"},{"taxonomy":"post_tag","embeddable":true,"href":"https:\/\/diarioregionaldigital.com.br\/index.php?rest_route=%2Fwp%2Fv2%2Ftags&post=90601"}],"curies":[{"name":"wp","href":"https:\/\/api.w.org\/{rel}","templated":true}]}}