{"id":90599,"date":"2018-01-27T10:59:14","date_gmt":"2018-01-27T12:59:14","guid":{"rendered":"http:\/\/diarioregionaljf.com.br\/2018\/01\/27\/settra-interdita-transito-para-evento-religioso-neste-domingo\/"},"modified":"2018-01-27T10:59:14","modified_gmt":"2018-01-27T12:59:14","slug":"settra-interdita-transito-para-evento-religioso-neste-domingo","status":"publish","type":"post","link":"https:\/\/diarioregionaldigital.com.br\/?p=90599","title":{"rendered":"Settra interdita tr\u00e2nsito para evento religioso neste domingo"},"content":{"rendered":"<p>A Secretaria de Transporte e Tr\u00e2nsito (Settra) da Prefeitura de Juiz de Fora (PJF) far\u00e1 interven\u00e7\u00f5es no bairro Benfica, zona Norte, para realiza\u00e7\u00e3o da \u201cCarreata de Nossa Senhora Aparecida\u201d. As vias que fazem parte do percurso ser\u00e3o interditadas parcialmente neste domingo, 28, entre 14h e 17h, com objetivo de garantir a fluidez no tr\u00e2nsito e a seguran\u00e7a dos fi\u00e9is.<\/p>\n<p>O trajeto da carreata ser\u00e1 feito pela Rua Paulo Garcia, esquina com Tom\u00e9 de Souza, (Par\u00f3quia Nossa Senhora da Concei\u00e7\u00e3o), ruas Tom\u00e9 de Souza, Avenida Juscelino Kubitscheck (sentido Centro) e Hon\u00f3rio de Brito, Avenida Garcia Rodrigues Paes (sentido Centro), ruas Jos\u00e9 de Ara\u00fajo Braga (sentido Centro) e Jos\u00e9 Manoel de Oliveira, avenidas Brasil e Juscelino Kubitscheck (sentido bairro), ruas Tomaz Gonzaga, Bertha Halfeld Paleta e Manoel Diniz da Silva, Avenida Juscelino Kubitscheck (sentido Centro), ruas Eunice Weaver, Expedicion\u00e1rio Ant\u00f4nio Novaes, Coronel Quint\u00e3o, Branca Mascarenhas, Itatiaia, Baturit\u00e9, Luiz Baltazar Eberle, Amamba\u00ed, Capit\u00e3o Ar\u00e3o, Luiz Baltazar Eberle, Eduardo Weiss, Bernardo Mascarenhas, Professora Violeta Santos, Benjamin Guimar\u00e3es e Christovam Molinari, Avenida dos Andradas e Rua Quintino Bocai\u00fava, at\u00e9 a igreja da Par\u00f3quia Nossa Senhora da Gl\u00f3ria.<\/p>\n<p>Fonte: Assessoria<\/p>\n","protected":false},"excerpt":{"rendered":"<p>A Secretaria de Transporte e Tr\u00e2nsito (Settra) da Prefeitura de Juiz de Fora (PJF) far\u00e1 interven\u00e7\u00f5es no bairro Benfica, zona Norte, para realiza\u00e7\u00e3o da \u201cCarreata de Nossa Senhora Aparecida\u201d. As vias que fazem parte do percurso ser\u00e3o interditadas parcialmente neste domingo, 28, entre 14h e 17h, com objetivo de garantir a fluidez no tr\u00e2nsito e [&hellip;]<\/p>\n","protected":false},"author":96,"featured_media":90598,"comment_status":"closed","ping_status":"closed","sticky":false,"template":"","format":"standard","meta":{"footnotes":""},"categories":[253],"tags":[],"class_list":["post-90599","post","type-post","status-publish","format-standard","has-post-thumbnail","hentry","category-cidade"],"_links":{"self":[{"href":"https:\/\/diarioregionaldigital.com.br\/index.php?rest_route=\/wp\/v2\/posts\/90599","targetHints":{"allow":["GET"]}}],"collection":[{"href":"https:\/\/diarioregionaldigital.com.br\/index.php?rest_route=\/wp\/v2\/posts"}],"about":[{"href":"https:\/\/diarioregionaldigital.com.br\/index.php?rest_route=\/wp\/v2\/types\/post"}],"author":[{"embeddable":true,"href":"https:\/\/diarioregionaldigital.com.br\/index.php?rest_route=\/wp\/v2\/users\/96"}],"replies":[{"embeddable":true,"href":"https:\/\/diarioregionaldigital.com.br\/index.php?rest_route=%2Fwp%2Fv2%2Fcomments&post=90599"}],"version-history":[{"count":0,"href":"https:\/\/diarioregionaldigital.com.br\/index.php?rest_route=\/wp\/v2\/posts\/90599\/revisions"}],"wp:featuredmedia":[{"embeddable":true,"href":"https:\/\/diarioregionaldigital.com.br\/index.php?rest_route=\/wp\/v2\/media\/90598"}],"wp:attachment":[{"href":"https:\/\/diarioregionaldigital.com.br\/index.php?rest_route=%2Fwp%2Fv2%2Fmedia&parent=90599"}],"wp:term":[{"taxonomy":"category","embeddable":true,"href":"https:\/\/diarioregionaldigital.com.br\/index.php?rest_route=%2Fwp%2Fv2%2Fcategories&post=90599"},{"taxonomy":"post_tag","embeddable":true,"href":"https:\/\/diarioregionaldigital.com.br\/index.php?rest_route=%2Fwp%2Fv2%2Ftags&post=90599"}],"curies":[{"name":"wp","href":"https:\/\/api.w.org\/{rel}","templated":true}]}}