{"id":90597,"date":"2018-01-27T10:53:20","date_gmt":"2018-01-27T12:53:20","guid":{"rendered":"http:\/\/diarioregionaljf.com.br\/2018\/01\/27\/sete-blocos-agitam-o-primeiro-fim-de-semana-do-pre-carnaval-de-jf\/"},"modified":"2018-01-27T10:53:20","modified_gmt":"2018-01-27T12:53:20","slug":"sete-blocos-agitam-o-primeiro-fim-de-semana-do-pre-carnaval-de-jf","status":"publish","type":"post","link":"https:\/\/diarioregionaldigital.com.br\/?p=90597","title":{"rendered":"Sete blocos agitam o primeiro fim de semana do pr\u00e9-carnaval de JF"},"content":{"rendered":"<p>O primeiro fim de semana do pr\u00e9-carnaval de Juiz de Fora promete mobilizar milhares de foli\u00f5es. O p\u00fablico poder\u00e1 conferir sete blocos, sendo tr\u00eas neste s\u00e1bado, 27, e quatro no domingo, 28. Os eventos fazem parte da programa\u00e7\u00e3o oficial da folia, contando com apoio da Prefeitura de Juiz de Fora (PJF), atrav\u00e9s da Funda\u00e7\u00e3o Cultural \u201cAlfredo Ferreira Lage\u201d (Funalfa). A programa\u00e7\u00e3o completa do Carnaval 2018 pode ser conferida no hotsite carnavaljf.com.br, com vers\u00f5es para desktop e mobile. No \u201cMapa da Folia\u201d \u00e9 poss\u00edvel filtrar a programa\u00e7\u00e3o por tipo de evento, regi\u00e3o da cidade e data.<\/p>\n<p>A agenda deste fim de semana come\u00e7ar\u00e1 ao meio-dia de s\u00e1bado, na Pra\u00e7a Armando Toschi (\u201cMinistrinho\u201d), no bairro Jardim Gl\u00f3ria, onde acontecer\u00e1 a 22\u00aa edi\u00e7\u00e3o do bloco \u201cConcentra mas n\u00e3o sai\u201d. Com o tema \u201cO Sexteto da Folia\u201d, o bloco homenagear\u00e1 seis personalidades do samba de Juiz de Fora: Edinho Tostes, Marcelo Gama, M\u00e1rcio Gomes, R\u00e9gis da Vila, Lulu da Electrolux e Marcelo Barra.<\/p>\n<p>A partir das 15h, o \u201cArteria\u201d ter\u00e1 sua segunda edi\u00e7\u00e3o, na Pra\u00e7a Presidente Kennedy, no bairro Paineiras. Com proposta de ser multicultural, o bloco come\u00e7ar\u00e1 a programa\u00e7\u00e3o com atividades para crian\u00e7as, como conta\u00e7\u00e3o de hist\u00f3rias, um musical e brincadeiras, ao som de marchinhas tradicionais. \u00c0s 17h, o grupo \u201cGuerreiras de Clara\u201d se apresentar\u00e1, e \u00e0s 19h, a \u201cCapivara Endiabrada\u201d assume o palco e p\u00f5e o povo para dan\u00e7ar ao som de frevo. Durante os intervalos, acontecer\u00e1 discotecagem em vinil. \u00c0s 17h, o \u201cBloco da Rua Ana Reis\u201d, tamb\u00e9m conhecido como \u201cBloco do Antigo Canil\u201d, faz a festa no Parque Halfeld, no Centro.<\/p>\n<p>O bloco \u201cNega Maria\u201d abrir\u00e1 a programa\u00e7\u00e3o de domingo, \u00e0s 13h, na Pra\u00e7a Armando Toschi. Em seu terceiro ano, foi criado com objetivo de exaltar a mulher guerreira, que sofre, batalha, mas tem direito a momentos de lazer e divers\u00e3o. Al\u00e9m de samba, o \u201cNega Maria\u201d executa marchinhas, m\u00fasica popular brasileira (MPB) e bai\u00e3o, entre outros ritmos. Na Rua Dr. Dirceu de Andrade, no bairro Teixeiras, o \u201cBlotec\u00e1rio\u201d promover\u00e1 sua quarta edi\u00e7\u00e3o, a partir das 14h. A folia ser\u00e1 ao som da Bateria da Escola Uni\u00e3o de Santa Luzia, mas ser\u00e3o executados outros estilos, como ax\u00e9 e marchinha.<\/p>\n<p>O \u201cS\u00fabita\u201d tem proposta ousada para comemorar o carnaval e promete transformar a Rua Mister Moore em pista de m\u00fasica eletr\u00f4nica. Com aux\u00edlio luxuoso dos DJs Lucas Portilho, Samira Loures &amp; Jo\u00e3o Machado, Reolli, Kureb e convidados, o evento ter\u00e1 disco, house e techno, entre outros.<\/p>\n<p>A programa\u00e7\u00e3o carnavalesca de domingo ser\u00e1 encerrada com o bloco \u201cGuerreiras de Clara\u201d, que se apresentar\u00e1 na Pra\u00e7a Agassis, no bairro Mariano Proc\u00f3pio, a partir das 15h, com percuss\u00e3o das mulheres da Oficina Batuquedelas e convidadas especiais: Amana Veiga &#8211; flauta transversa, Beth\u00e2nia Discacciati &#8211; percuss\u00e3o, N\u00e1dia Ribeiro &#8211; vocal, S\u00edlvia Rocha &#8211; contrabaixo e Tam\u00edres Rampinelli &#8211; viol\u00e3o. A programa\u00e7\u00e3o do bloco abrir\u00e1 espa\u00e7o para outras manifesta\u00e7\u00f5es art\u00edsticas: \u201cVinil \u00e9 Arte\u201d (DJ Pedro Paiva), &#8220;Trupe Tear&#8221; (tecido acrob\u00e1tico), grupo &#8220;e-Dan\u00e7o&#8221; e &#8220;De Dandara \u00e0s Marias&#8221;, coletivo feminino de capoeira.<\/p>\n<p>Fonte: Assessoria<\/p>\n","protected":false},"excerpt":{"rendered":"<p>O primeiro fim de semana do pr\u00e9-carnaval de Juiz de Fora promete mobilizar milhares de foli\u00f5es. O p\u00fablico poder\u00e1 conferir sete blocos, sendo tr\u00eas neste s\u00e1bado, 27, e quatro no domingo, 28. Os eventos fazem parte da programa\u00e7\u00e3o oficial da folia, contando com apoio da Prefeitura de Juiz de Fora (PJF), atrav\u00e9s da Funda\u00e7\u00e3o Cultural [&hellip;]<\/p>\n","protected":false},"author":96,"featured_media":90596,"comment_status":"closed","ping_status":"closed","sticky":false,"template":"","format":"standard","meta":{"footnotes":""},"categories":[253],"tags":[],"class_list":["post-90597","post","type-post","status-publish","format-standard","has-post-thumbnail","hentry","category-cidade"],"_links":{"self":[{"href":"https:\/\/diarioregionaldigital.com.br\/index.php?rest_route=\/wp\/v2\/posts\/90597","targetHints":{"allow":["GET"]}}],"collection":[{"href":"https:\/\/diarioregionaldigital.com.br\/index.php?rest_route=\/wp\/v2\/posts"}],"about":[{"href":"https:\/\/diarioregionaldigital.com.br\/index.php?rest_route=\/wp\/v2\/types\/post"}],"author":[{"embeddable":true,"href":"https:\/\/diarioregionaldigital.com.br\/index.php?rest_route=\/wp\/v2\/users\/96"}],"replies":[{"embeddable":true,"href":"https:\/\/diarioregionaldigital.com.br\/index.php?rest_route=%2Fwp%2Fv2%2Fcomments&post=90597"}],"version-history":[{"count":0,"href":"https:\/\/diarioregionaldigital.com.br\/index.php?rest_route=\/wp\/v2\/posts\/90597\/revisions"}],"wp:featuredmedia":[{"embeddable":true,"href":"https:\/\/diarioregionaldigital.com.br\/index.php?rest_route=\/wp\/v2\/media\/90596"}],"wp:attachment":[{"href":"https:\/\/diarioregionaldigital.com.br\/index.php?rest_route=%2Fwp%2Fv2%2Fmedia&parent=90597"}],"wp:term":[{"taxonomy":"category","embeddable":true,"href":"https:\/\/diarioregionaldigital.com.br\/index.php?rest_route=%2Fwp%2Fv2%2Fcategories&post=90597"},{"taxonomy":"post_tag","embeddable":true,"href":"https:\/\/diarioregionaldigital.com.br\/index.php?rest_route=%2Fwp%2Fv2%2Ftags&post=90597"}],"curies":[{"name":"wp","href":"https:\/\/api.w.org\/{rel}","templated":true}]}}