{"id":90595,"date":"2018-01-26T22:29:14","date_gmt":"2018-01-27T00:29:14","guid":{"rendered":"http:\/\/diarioregionaljf.com.br\/2018\/01\/26\/por-que-ocorrem-guerras-se-ninguem-as-deseja\/"},"modified":"2018-04-16T08:09:55","modified_gmt":"2018-04-16T11:09:55","slug":"por-que-ocorrem-guerras-se-ninguem-as-deseja","status":"publish","type":"post","link":"https:\/\/diarioregionaldigital.com.br\/?p=90595","title":{"rendered":"Por que ocorrem guerras se ningu\u00e9m as deseja?"},"content":{"rendered":"<p style=\"text-align: center;\">Certo dia fui consultado por um politico importante, que disse:<br \/>&#8220;Desejo que haja paz no mundo. Gostaria que n\u00e3o houvesse mais guerra. E creio que para isso \u00e9 necess\u00e1rio o apoio das for\u00e7as religiosas. Como sou politico, n\u00e3o entendo muito de religi\u00e3o. Mas creio que, enquanto a humanidade n\u00e3o se unir por meio do sentimento de amor ao pr\u00f3ximo, n\u00e3o haver\u00e1 paz na Terra. Que devemos fazer para extingui! a guerra e estabelecer a paz neste mundo? Vim consult\u00e1-lo, para ouvir a opini\u00e3o abalizada de um religioso&#8221;.<br \/>Creio que todos t\u00eam s\u00e9rio interesse em saber o que se deve fazer para acabar com as guerras e estabelecer a paz no mundo. Que devemos fazer para que deixem de ocorrer guerras neste mundo? Segundo a UNESCO, &#8220;a guerra surge primeiramente na mente do homem e depois se manifesta no mundo concreto&#8221;. H\u00e1 mais de trinta anos* &#8211; portanto, bem antes da funda\u00e7\u00e3o da UNESCO &#8211; a Seicho-No-Ie j\u00e1 pregava que os conflitos ocorrem primeiramente no mundo mental.<br \/>A verdadeira imagem do ser humano e do mundo \u00e9 perfeita, harmoniosa e serena como a Lua. No entanto, a humanidade n\u00e3o v\u00ea essa Imagem Verdadeira e visualiza um mundo cheio de hostilidades, imperfeito como a Lua encoberta por nuvens. A hostilidade criada no mundo mental projeta-se no mundo concreto, e ent\u00e3o inicia-se a guerra. Portanto, se n\u00e3o gerarmos hostilidade no mundo mental, n\u00e3o ocorrer\u00e3o guerras. Para n\u00e3o gerar hostilidade no mundo mental, \u00e9 preciso conhecer o poder da palavra. A Seicho&#8211;No-Ie \u00e9 conhecida como &#8220;religi\u00e3o que enfatiza o poder da palavra&#8221;. Mas n\u00e3o \u00e9 s\u00f3 a Seicho-No-Ie que prega isso &#8211; todas as religi\u00f5es fazem o mesmo. A Seicho-No-Ie prega que os ensinamentos de todas as religi\u00f5es se identificam na ess\u00eancia. Na realidade, todas as religi\u00f5es ensinam a mesma Verdade. Sobre o poder da palavra, o cristianismo ensina, no primeiro capitulo do Evangelho Segundo Jo\u00e3o: &#8220;No principio existia o Verbo, e o Verbo estava com Deus, e o Verbo era Deus. Ele estava no principio com Deus. Todas as coisas foram feitas por ele; e sem ele nada foi feito&#8221;.<\/p>\n<p style=\"text-align: center;\"><span class=\"h4\">A ess\u00eancia de tudo \u00e9 o Verbo (palavra)<\/span><br \/>&#8220;No principio existia o Verbo (palavra).&#8221; &#8220;Principio&#8221; aqui significa o in\u00edcio de tudo, a origem de tudo. O Verbo cria todas as coisas. Em japon\u00eas, o verbo que significa &#8220;for-mar-se&#8221; ou &#8220;completar-se&#8221; \u00e9 naru, que tem rela\u00e7\u00e3o com outro verbo, que significa &#8220;soar&#8221; ou &#8220;vibrar&#8221; e que tamb\u00e9m se pronuncia naru (embora o ideograma seja diferente). Podemos, pois, inferir que as &#8220;vibra\u00e7\u00f5es da palavra&#8221; d\u00e3o origem \u00e0 manifesta\u00e7\u00e3o de formas concretas que podemos captar com os olhos fisicos.<\/p>\n","protected":false},"excerpt":{"rendered":"<p>Certo dia fui consultado por um politico importante, que disse:&#8220;Desejo que haja paz no mundo. Gostaria que n\u00e3o houvesse mais guerra. E creio que para isso \u00e9 necess\u00e1rio o apoio das for\u00e7as religiosas. Como sou politico, n\u00e3o entendo muito de religi\u00e3o. Mas creio que, enquanto a humanidade n\u00e3o se unir por meio do sentimento de [&hellip;]<\/p>\n","protected":false},"author":96,"featured_media":0,"comment_status":"closed","ping_status":"closed","sticky":false,"template":"","format":"standard","meta":{"footnotes":""},"categories":[263],"tags":[],"class_list":["post-90595","post","type-post","status-publish","format-standard","hentry","category-jane-aragao"],"_links":{"self":[{"href":"https:\/\/diarioregionaldigital.com.br\/index.php?rest_route=\/wp\/v2\/posts\/90595","targetHints":{"allow":["GET"]}}],"collection":[{"href":"https:\/\/diarioregionaldigital.com.br\/index.php?rest_route=\/wp\/v2\/posts"}],"about":[{"href":"https:\/\/diarioregionaldigital.com.br\/index.php?rest_route=\/wp\/v2\/types\/post"}],"author":[{"embeddable":true,"href":"https:\/\/diarioregionaldigital.com.br\/index.php?rest_route=\/wp\/v2\/users\/96"}],"replies":[{"embeddable":true,"href":"https:\/\/diarioregionaldigital.com.br\/index.php?rest_route=%2Fwp%2Fv2%2Fcomments&post=90595"}],"version-history":[{"count":0,"href":"https:\/\/diarioregionaldigital.com.br\/index.php?rest_route=\/wp\/v2\/posts\/90595\/revisions"}],"wp:attachment":[{"href":"https:\/\/diarioregionaldigital.com.br\/index.php?rest_route=%2Fwp%2Fv2%2Fmedia&parent=90595"}],"wp:term":[{"taxonomy":"category","embeddable":true,"href":"https:\/\/diarioregionaldigital.com.br\/index.php?rest_route=%2Fwp%2Fv2%2Fcategories&post=90595"},{"taxonomy":"post_tag","embeddable":true,"href":"https:\/\/diarioregionaldigital.com.br\/index.php?rest_route=%2Fwp%2Fv2%2Ftags&post=90595"}],"curies":[{"name":"wp","href":"https:\/\/api.w.org\/{rel}","templated":true}]}}