{"id":90594,"date":"2018-01-26T22:27:23","date_gmt":"2018-01-27T00:27:23","guid":{"rendered":"http:\/\/diarioregionaljf.com.br\/2018\/01\/26\/carnaval-em-alta\/"},"modified":"2018-01-26T22:27:23","modified_gmt":"2018-01-27T00:27:23","slug":"carnaval-em-alta","status":"publish","type":"post","link":"https:\/\/diarioregionaldigital.com.br\/?p=90594","title":{"rendered":"Carnaval em Alta"},"content":{"rendered":"<p style=\"text-align: center;\"><span class=\"h4\">Visita Real<\/span><br \/>Ex-diretor do Museu Mariano Proc\u00f3pio, Douglas Fasolato, esteve visitando a Casa da Marquesa de Santos no Rio, com a arquiteta paisagista Cristina Castelo Branco, do ISA &#8211; UTL, de Portugal, o diretor da Escola de Belas Artes da UFRJ, Carlos Terra, a arquiteta Isabelle Cury, do Iphan, o muse\u00f3logo Almir Paredes e Carlos Fernando de Moura Delphim, a maior autoridade em jardins hist\u00f3ricos do Brasil.<\/p>\n<p style=\"text-align: center;\"><span class=\"h4\">Carnaval em Alta<\/span><br \/>Agitando o pr\u00e9-carnaval juiz-forano o projeto musical Guerreiras de Clara j\u00e1 s\u00e3o presen\u00e7a confirmadas para a tarde do domingo, 28 de janeiro na Pra\u00e7a Agassis. Pela primeira vez em seu pr\u00f3prio evento, as Guerreiras se apresentar\u00e3o com a percuss\u00e3o das mulheres da Oficina Batuquedelas e convidadas muito especiais. A partir das 15h.<\/p>\n<p style=\"text-align: center;\"><span class=\"h4\">Pingue-Pongue<\/span><br \/>A linda Valentina Francisco, sensa\u00e7\u00e3o do \u201cThe Voice Kids\u201d no ano passado, foi escolhida para cantar o hino nacional na abertura e no encerramento do Rio Open, o maior evento de t\u00eanis da Am\u00e9rica do Sul, que vai rolar em fevereiro, no Jockey Club, no Rio. Al\u00e9m do gog\u00f3 afinado, Valentina, de 12 anos, manda muito bem no esporte da bolinha amarela.<\/p>\n<p style=\"text-align: center;\"><span class=\"h4\">Bastidores<\/span><br \/>Rodrigo Janot avisou que tem planos para escrever tr\u00eas livros. O primeiro, mais t\u00e9cnico, sobre compliance. Depois vai lan\u00e7ar um sobre os bastidores do seu per\u00edodo como PGR. E, finalmente, um terceiro livro em que vai justificar o porque de suas decis\u00f5es mais pol\u00eamicas, como a de liberar os irm\u00e3os Batista da pris\u00e3o.<\/p>\n<p style=\"text-align: center;\"><span class=\"h4\">No Rio<\/span><br \/>A Beija-Flor deu um jeitinho e, depois de 9 anos, volta a ensaiar na Avenida Atl\u00e2ntica, em Copacabana, no domingo, 28 de janeiro. Os desfiles t\u00e9cnicos no Samb\u00f3dromo da Marqu\u00eas de Sapuca\u00ed foram cancelados em 2018.<\/p>\n<p style=\"text-align: center;\"><span class=\"h4\">Aten\u00e7\u00e3o foli\u00f5es<\/span><br \/>Let\u00edcia Bueno e Clarissa Romancini, criadoras da Marca de fantasias Siricutico, revelam que os adere\u00e7os e roupas para o carnaval estar\u00e3o bem luminosos, com purpurina ecol\u00f3gica, saia, \u00f3culos, sunga e at\u00e9 c\u00edlios com luz de led. Para arrasar!<\/p>\n<p style=\"text-align: center;\"><span class=\"h4\">Corrida pelo Haiti<\/span><br \/>Vai bombar neste domingo, 28, a partir das 8h, em Matias Barbosa, a Corrida pelo Haiti. A largada ser\u00e1 na porta da MultSa\u00fade Benef\u00edcios. Na oportunidade ter\u00e1 mesa de caf\u00e9 e frutas, pontos de hidrata\u00e7\u00e3o, sorteio de pr\u00eamios e sala de imprensa. A causa \u00e9 nobre e tem apoio do SIRCOM.<\/p>\n<p style=\"text-align: center;\"><img decoding=\"async\" class=\" size-full wp-image-90582\" src=\"http:\/\/diarioregionaljf.com.br\/wp-content\/uploads\/2018\/01\/diario-int-23558-1.jpg\" alt=\"fotocc.jpg\" width=\"680\" style=\"display: block; margin-left: auto; margin-right: auto;\" srcset=\"https:\/\/diarioregionaldigital.com.br\/wp-content\/uploads\/2018\/01\/diario-int-23558-1.jpg 680w, https:\/\/diarioregionaldigital.com.br\/wp-content\/uploads\/2018\/01\/diario-int-23558-1-300x199.jpg 300w, https:\/\/diarioregionaldigital.com.br\/wp-content\/uploads\/2018\/01\/diario-int-23558-1-360x238.jpg 360w\" sizes=\"(max-width: 680px) 100vw, 680px\" \/>A soberana do Bloco Nega Maria, Sandra Portella hoje no Bar do L\u00e9o, \u00e0s 12h, com a corte de lindas morenas com, Liliane Gonzaga, Fernanda Evaristo, Ju Nega, Vani Pedro, Ivanir Ferreira e Helenise Machado<\/p>\n<p style=\"text-align: center;\"><img decoding=\"async\" class=\" size-full wp-image-90583\" src=\"http:\/\/diarioregionaljf.com.br\/wp-content\/uploads\/2018\/01\/diario-int-23558-2.jpg\" alt=\"fotoaa.jpg\" width=\"680\" style=\"display: block; margin-left: auto; margin-right: auto;\" srcset=\"https:\/\/diarioregionaldigital.com.br\/wp-content\/uploads\/2018\/01\/diario-int-23558-2.jpg 680w, https:\/\/diarioregionaldigital.com.br\/wp-content\/uploads\/2018\/01\/diario-int-23558-2-300x199.jpg 300w, https:\/\/diarioregionaldigital.com.br\/wp-content\/uploads\/2018\/01\/diario-int-23558-2-360x238.jpg 360w\" sizes=\"(max-width: 680px) 100vw, 680px\" \/>M\u00e1rcio Marques (Pr\u00eamio Melhores do Ano DR e TVE) estar\u00e1 no domingo arrasando no Bloco Nega Maria, no Bar do L\u00e9o<\/p>\n<p style=\"text-align: center;\"><img decoding=\"async\" class=\" size-full wp-image-90584\" src=\"http:\/\/diarioregionaljf.com.br\/wp-content\/uploads\/2018\/01\/diario-int-23558-3.jpg\" alt=\"fotob.jpg\" width=\"680\" style=\"display: block; margin-left: auto; margin-right: auto;\" srcset=\"https:\/\/diarioregionaldigital.com.br\/wp-content\/uploads\/2018\/01\/diario-int-23558-3.jpg 680w, https:\/\/diarioregionaldigital.com.br\/wp-content\/uploads\/2018\/01\/diario-int-23558-3-300x198.jpg 300w, https:\/\/diarioregionaldigital.com.br\/wp-content\/uploads\/2018\/01\/diario-int-23558-3-360x238.jpg 360w\" sizes=\"(max-width: 680px) 100vw, 680px\" \/>Fazendo pr\u00e9-carnaval no Muzik direto do t\u00fanel do tempo, Guilherme Lawall, Lucas Nunes, Philip Douglas, Eduardo Saleme e Rafael Andrade<\/p>\n<p style=\"text-align: center;\"><img decoding=\"async\" class=\" size-full wp-image-90585\" src=\"http:\/\/diarioregionaljf.com.br\/wp-content\/uploads\/2018\/01\/diario-int-23558-4.jpg\" alt=\"fotobb.jpg\" width=\"680\" style=\"display: block; margin-left: auto; margin-right: auto;\" srcset=\"https:\/\/diarioregionaldigital.com.br\/wp-content\/uploads\/2018\/01\/diario-int-23558-4.jpg 680w, https:\/\/diarioregionaldigital.com.br\/wp-content\/uploads\/2018\/01\/diario-int-23558-4-300x157.jpg 300w, https:\/\/diarioregionaldigital.com.br\/wp-content\/uploads\/2018\/01\/diario-int-23558-4-360x188.jpg 360w\" sizes=\"(max-width: 680px) 100vw, 680px\" \/>No Caminho da ro\u00e7a, os amigos Vera Alice Tam, o su\u00ed\u00e7o Charlie Tam (aniversariando), Eduardo Gomes e Beto Souza<\/p>\n<p style=\"text-align: center;\"><img decoding=\"async\" class=\" size-full wp-image-90586\" src=\"http:\/\/diarioregionaljf.com.br\/wp-content\/uploads\/2018\/01\/diario-int-23558-5.jpg\" alt=\"fotoc.jpg\" width=\"680\" style=\"display: block; margin-left: auto; margin-right: auto;\" srcset=\"https:\/\/diarioregionaldigital.com.br\/wp-content\/uploads\/2018\/01\/diario-int-23558-5.jpg 680w, https:\/\/diarioregionaldigital.com.br\/wp-content\/uploads\/2018\/01\/diario-int-23558-5-300x199.jpg 300w, https:\/\/diarioregionaldigital.com.br\/wp-content\/uploads\/2018\/01\/diario-int-23558-5-360x238.jpg 360w\" sizes=\"(max-width: 680px) 100vw, 680px\" \/>As lindas jornalistas globelezas, Cl\u00e1udia Mour\u00e3o, Let\u00edcia Duarte, Cl\u00e1udia Oliveira e Larissa Zimmermann<\/p>\n<p style=\"text-align: center;\"><img decoding=\"async\" class=\" size-full wp-image-90587\" src=\"http:\/\/diarioregionaljf.com.br\/wp-content\/uploads\/2018\/01\/diario-int-23558-6.jpg\" alt=\"fotod.jpg\" width=\"680\" style=\"display: block; margin-left: auto; margin-right: auto;\" srcset=\"https:\/\/diarioregionaldigital.com.br\/wp-content\/uploads\/2018\/01\/diario-int-23558-6.jpg 680w, https:\/\/diarioregionaldigital.com.br\/wp-content\/uploads\/2018\/01\/diario-int-23558-6-300x199.jpg 300w, https:\/\/diarioregionaldigital.com.br\/wp-content\/uploads\/2018\/01\/diario-int-23558-6-360x238.jpg 360w\" sizes=\"(max-width: 680px) 100vw, 680px\" \/>Na ASE no grito de carnaval da Banda Daki, Fabinho Esteves, Isabelita dos Patins e Palha\u00e7o Trombetinha<\/p>\n<p style=\"text-align: center;\"><img decoding=\"async\" class=\" size-full wp-image-90588\" src=\"http:\/\/diarioregionaljf.com.br\/wp-content\/uploads\/2018\/01\/diario-int-23558-7.jpg\" alt=\"fotodd.jpg\" width=\"680\" style=\"display: block; margin-left: auto; margin-right: auto;\" srcset=\"https:\/\/diarioregionaldigital.com.br\/wp-content\/uploads\/2018\/01\/diario-int-23558-7.jpg 680w, https:\/\/diarioregionaldigital.com.br\/wp-content\/uploads\/2018\/01\/diario-int-23558-7-300x185.jpg 300w, https:\/\/diarioregionaldigital.com.br\/wp-content\/uploads\/2018\/01\/diario-int-23558-7-360x222.jpg 360w\" sizes=\"(max-width: 680px) 100vw, 680px\" \/>Comemorando o sucesso da festa Euphorica no Via Brasil, os DJ\u2019s Coldhans Queiros e Dam Maia com o anfitri\u00e3o Hudsson Lagrotta<\/p>\n<p style=\"text-align: center;\"><img decoding=\"async\" class=\" size-full wp-image-90589\" src=\"http:\/\/diarioregionaljf.com.br\/wp-content\/uploads\/2018\/01\/diario-int-23558-8.jpg\" alt=\"fotoe.jpg\" width=\"680\" style=\"display: block; margin-left: auto; margin-right: auto;\" srcset=\"https:\/\/diarioregionaldigital.com.br\/wp-content\/uploads\/2018\/01\/diario-int-23558-8.jpg 680w, https:\/\/diarioregionaldigital.com.br\/wp-content\/uploads\/2018\/01\/diario-int-23558-8-300x199.jpg 300w, https:\/\/diarioregionaldigital.com.br\/wp-content\/uploads\/2018\/01\/diario-int-23558-8-360x238.jpg 360w\" sizes=\"(max-width: 680px) 100vw, 680px\" \/>Na noite Euphorika na Via Brasil, a embaixatriz Mait\u00ea Saint-Clair e do staff&nbsp; da seguran\u00e7a R\u00e9gis Roma<\/p>\n<p style=\"text-align: center;\"><img decoding=\"async\" class=\" size-full wp-image-90590\" src=\"http:\/\/diarioregionaljf.com.br\/wp-content\/uploads\/2018\/01\/diario-int-23558-9.jpg\" alt=\"fotof.jpg\" width=\"680\" style=\"display: block; margin-left: auto; margin-right: auto;\" srcset=\"https:\/\/diarioregionaldigital.com.br\/wp-content\/uploads\/2018\/01\/diario-int-23558-9.jpg 680w, https:\/\/diarioregionaldigital.com.br\/wp-content\/uploads\/2018\/01\/diario-int-23558-9-300x199.jpg 300w, https:\/\/diarioregionaldigital.com.br\/wp-content\/uploads\/2018\/01\/diario-int-23558-9-360x238.jpg 360w\" sizes=\"(max-width: 680px) 100vw, 680px\" \/>No Grito de Carnaval da Banda Daki na ASE, Mauro Lipp, Rebeca Feline e Jorge J\u00fanior<\/p>\n<p style=\"text-align: center;\"><img decoding=\"async\" class=\" size-full wp-image-90591\" src=\"http:\/\/diarioregionaljf.com.br\/wp-content\/uploads\/2018\/01\/diario-int-23558-10.jpg\" alt=\"fotoh.jpg\" width=\"680\" style=\"display: block; margin-left: auto; margin-right: auto;\" srcset=\"https:\/\/diarioregionaldigital.com.br\/wp-content\/uploads\/2018\/01\/diario-int-23558-10.jpg 680w, https:\/\/diarioregionaldigital.com.br\/wp-content\/uploads\/2018\/01\/diario-int-23558-10-300x199.jpg 300w, https:\/\/diarioregionaldigital.com.br\/wp-content\/uploads\/2018\/01\/diario-int-23558-10-360x238.jpg 360w\" sizes=\"(max-width: 680px) 100vw, 680px\" \/>Dica da loja M. Marques no Braz Shopping para brincar o carnaval, em produ\u00e7\u00e3o colorida para Wagner Garcia<\/p>\n<p style=\"text-align: center;\"><img decoding=\"async\" class=\" size-full wp-image-90592\" src=\"http:\/\/diarioregionaljf.com.br\/wp-content\/uploads\/2018\/01\/diario-int-23558-11.jpg\" alt=\"fotoi.jpg\" width=\"680\" style=\"display: block; margin-left: auto; margin-right: auto;\" srcset=\"https:\/\/diarioregionaldigital.com.br\/wp-content\/uploads\/2018\/01\/diario-int-23558-11.jpg 680w, https:\/\/diarioregionaldigital.com.br\/wp-content\/uploads\/2018\/01\/diario-int-23558-11-300x169.jpg 300w, https:\/\/diarioregionaldigital.com.br\/wp-content\/uploads\/2018\/01\/diario-int-23558-11-360x203.jpg 360w\" sizes=\"(max-width: 680px) 100vw, 680px\" \/>No grito de carnaval da Banda Daki, na ASE, o general da banda Z\u00e9 Kodak, Isabelita dos Patins, Carlos Guedes, Rebeca Felini e Fernando Lu\u00eds Baldioti<\/p>\n<p style=\"text-align: center;\"><img decoding=\"async\" class=\" size-full wp-image-90593\" src=\"http:\/\/diarioregionaljf.com.br\/wp-content\/uploads\/2018\/01\/diario-int-23558-12.jpg\" alt=\"fotoj.jpg\" width=\"680\" style=\"display: block; margin-left: auto; margin-right: auto;\" srcset=\"https:\/\/diarioregionaldigital.com.br\/wp-content\/uploads\/2018\/01\/diario-int-23558-12.jpg 680w, https:\/\/diarioregionaldigital.com.br\/wp-content\/uploads\/2018\/01\/diario-int-23558-12-300x199.jpg 300w, https:\/\/diarioregionaldigital.com.br\/wp-content\/uploads\/2018\/01\/diario-int-23558-12-360x238.jpg 360w\" sizes=\"(max-width: 680px) 100vw, 680px\" \/>Na Uni\u00e3o das Cores, Fernando Cust\u00f3dio com os vencedores Monalise Carmo (Rainha dos Passistas) e Jhonny Melo (Rei da Bateira)<\/p>\n<p class=\"h3\" style=\"text-align: center;\">FOTOSS\u00cdNTESE<\/p>\n<p>Din\u00e2mico e competente, o Tenente-Coronel Marcellus de Castro Machado, depois de bela passagem por Juiz de Fora, \u00e9 o novo Comandante do 12\u00ba Batalh\u00e3o de Pol\u00edcia Militar de Minas Gerais para a cidade de Passos (MG). Parab\u00e9ns.<\/p>\n<p>Para o carnaval dos blocos, v\u00e1rios empres\u00e1rios, jornalistas e pol\u00edticos jovens estar\u00e3o desfilando no Pagod\u00e3o dos Clubes dia 8 de fevereiro. A sa\u00edda ser\u00e1 no Parque Halfeld, descendo o Cal\u00e7ad\u00e3o da Halfeld.<\/p>\n<p>Para o Baile de Banda Daki, dia 8 de fevereiro, \u00e0s 22h, no Nivershow est\u00e3o sendo convocados palha\u00e7os, colombinas, melindrosas, pierr\u00f4s, escravas, odaliscas, barbies, fort\u00edssimas e a corte do Carnaval. Recebendo, o incans\u00e1vel carnavalesco Z\u00e9 Kodak.<\/p>\n<p>Bombou literalmente na Fazenda Confraria Parque Ecol\u00f3gico e Criativo, em Monte Verde, o evento Mercado Todo Vapor. Pilotada por Miguel Gomes, a promo\u00e7\u00e3o teve \u2018mix\u2019 de gastronomia, artesanato, moda, m\u00fasica e palestra de Cris Schittini, que falou sobre plantas aliment\u00edcias n\u00e3o convencionais (PANC).<\/p>\n<p>Em sua quarta edi\u00e7\u00e3o, o Blotec\u00e1rio, do simp\u00e1tico Bar Botec\u00e1rio, faz esquema concentra-ma-n\u00e3o-sai, neste domingo, 28, no trevo do Teixeiras. O som fica por conta da cantora Rose Nikkon, \u00e0s15h.<\/p>\n<p>Usando seu conceito de beleza, o produtor Diley Almeida agendou para 30 de maio, a final do concurso Mr. Juiz de Fora e Miss Juiz de Fora CBN 2018. O n\u00edvel dos candidatos e candidatas est\u00e1 alt\u00edssimo. Ser\u00e1 pedreira para o corpo de jurados, no Teatro Solar.<\/p>\n<p>Com seu nome escrito nas estrelas, o empres\u00e1rio Ren\u00ea Cosac foi homenageado pelo Tribunal de Justi\u00e7a do Estado de Minas Gerais com a \u201cMedalha Desembargador H\u00e9lio Costa\u201d. A solenidade foi em Bicas.<\/p>\n<p>Juntando beleza que domina o mercado da moda em Juiz de Fora, Larissa Bruna e Luan Ottoni Lokkerbol s\u00e3o os rostos mais bonitos da cidade atualmente.<\/p>\n<p>Bola Branca: Para os blocos animados que tentam salvar o carnaval de Juiz de Fora, que j\u00e1 foi o 2\u00ba melhor do pa\u00eds.<\/p>\n<p>Bola Preta: Para o descaso das autoridades com a seguran\u00e7a em Juiz de Fora.<\/p>\n<p>Para o Bloco Nega Maria da cantora Sandra Portella no domingo, 28, no Bar do L\u00e9o, os talentosos m\u00fasicos estar\u00e3o vestindo figurino by M\u00e1rcio Marques.<\/p>\n<p>Na Camicado fez sucesso esta semana a Cozinha da Paty, com o \u2018Workshop\u2019 gourmet tendo como realce, a quiche de alho por\u00f3 com ricota de carne com br\u00f3colis.<\/p>\n<p>Ser\u00e1 neste domingo, 28, no Parque da Lajinha, uma manh\u00e3 de relaxamento com a instrutora de yoga Simone Santos e exerc\u00edcios de constela\u00e7\u00e3o familiar com Aline Br\u00fcgger.<\/p>\n<p>O empres\u00e1rio Ramirez Aguiar, agora em voo solo avisa ao colunista que a reabertura da Danceteria Trend ser\u00e1 em mar\u00e7o. Vai bombar e, a convite dele, reuniremos os \u2018bunitus\u2019 da cidade e regi\u00e3o.<\/p>\n<p>Para curtir: \u201c Enquanto houver flores amarelas, nada de ruim pode me acontecer\u201d. Bom dia!<\/p>\n","protected":false},"excerpt":{"rendered":"<p>Visita RealEx-diretor do Museu Mariano Proc\u00f3pio, Douglas Fasolato, esteve visitando a Casa da Marquesa de Santos no Rio, com a arquiteta paisagista Cristina Castelo Branco, do ISA &#8211; UTL, de Portugal, o diretor da Escola de Belas Artes da UFRJ, Carlos Terra, a arquiteta Isabelle Cury, do Iphan, o muse\u00f3logo Almir Paredes e Carlos Fernando [&hellip;]<\/p>\n","protected":false},"author":96,"featured_media":90581,"comment_status":"closed","ping_status":"closed","sticky":false,"template":"","format":"standard","meta":{"footnotes":""},"categories":[264],"tags":[],"class_list":["post-90594","post","type-post","status-publish","format-standard","has-post-thumbnail","hentry","category-eduardo-gomes"],"_links":{"self":[{"href":"https:\/\/diarioregionaldigital.com.br\/index.php?rest_route=\/wp\/v2\/posts\/90594","targetHints":{"allow":["GET"]}}],"collection":[{"href":"https:\/\/diarioregionaldigital.com.br\/index.php?rest_route=\/wp\/v2\/posts"}],"about":[{"href":"https:\/\/diarioregionaldigital.com.br\/index.php?rest_route=\/wp\/v2\/types\/post"}],"author":[{"embeddable":true,"href":"https:\/\/diarioregionaldigital.com.br\/index.php?rest_route=\/wp\/v2\/users\/96"}],"replies":[{"embeddable":true,"href":"https:\/\/diarioregionaldigital.com.br\/index.php?rest_route=%2Fwp%2Fv2%2Fcomments&post=90594"}],"version-history":[{"count":0,"href":"https:\/\/diarioregionaldigital.com.br\/index.php?rest_route=\/wp\/v2\/posts\/90594\/revisions"}],"wp:featuredmedia":[{"embeddable":true,"href":"https:\/\/diarioregionaldigital.com.br\/index.php?rest_route=\/wp\/v2\/media\/90581"}],"wp:attachment":[{"href":"https:\/\/diarioregionaldigital.com.br\/index.php?rest_route=%2Fwp%2Fv2%2Fmedia&parent=90594"}],"wp:term":[{"taxonomy":"category","embeddable":true,"href":"https:\/\/diarioregionaldigital.com.br\/index.php?rest_route=%2Fwp%2Fv2%2Fcategories&post=90594"},{"taxonomy":"post_tag","embeddable":true,"href":"https:\/\/diarioregionaldigital.com.br\/index.php?rest_route=%2Fwp%2Fv2%2Ftags&post=90594"}],"curies":[{"name":"wp","href":"https:\/\/api.w.org\/{rel}","templated":true}]}}