{"id":90578,"date":"2018-01-26T21:42:50","date_gmt":"2018-01-26T23:42:50","guid":{"rendered":"http:\/\/diarioregionaljf.com.br\/2018\/01\/26\/medico-descarta-febre-amarela-como-causa-de-morte-de-paciente-internada-em-muriae\/"},"modified":"2018-01-26T21:42:50","modified_gmt":"2018-01-26T23:42:50","slug":"medico-descarta-febre-amarela-como-causa-de-morte-de-paciente-internada-em-muriae","status":"publish","type":"post","link":"https:\/\/diarioregionaldigital.com.br\/?p=90578","title":{"rendered":"M\u00e9dico descarta febre amarela como causa de morte de paciente internada em Muria\u00e9"},"content":{"rendered":"<p>Est\u00e1 descartada a possibilidade da morte da <a href=\"geral\/23538-dois-casos-suspeitos-de-febre-amarela-sao-investigados-em-muriae\" target=\"_blank\" rel=\"noopener noreferrer\">paciente de 79 anos, que faleceu nessa quinta-feira, 25, no Hospital S\u00e3o Paulo (HSP), em Muria\u00e9<\/a> (a cerca de 158Km de JF) ter sido causada por febre amarela. A informa\u00e7\u00e3o \u00e9 do m\u00e9dico infectologista Daniel Licy, que relatou que a idosa, que tinha suspeita da doen\u00e7a, veio a \u00f3bito em consequ\u00eancia de uma icter\u00edcia obstrutiva \u2013 ou seja, de uma obstru\u00e7\u00e3o das vias de passagem da bile, o fluido que \u00e9 produzido pelo f\u00edgado e armazenado na ves\u00edcula. O problema tamb\u00e9m provoca amarelamento da pele, mas n\u00e3o tem, necessariamente, rela\u00e7\u00e3o com a doen\u00e7a causada pelos mosquitos Haemagogus e Aedes aegypti.<\/p>\n<p>O m\u00e9dico informou ainda que o outro paciente internado no HSP com possibilidade de febre amarela, um homem de 34 anos, continua em observa\u00e7\u00e3o e com as causas da interna\u00e7\u00e3o sendo investigadas. A amostra de sangue coletada j\u00e1 seguiu para an\u00e1lise na Funda\u00e7\u00e3o Ezequiel Dias, em Belo Horizonte, e o laudo definitivo deve ser emitido em cerca de 10 dias. Vale destacar que, caso a suspeita se confirme, as informa\u00e7\u00f5es obtidas apontam que a contamina\u00e7\u00e3o n\u00e3o teria ocorrido em Muria\u00e9, j\u00e1 que o paciente em quest\u00e3o \u00e9 morador do Distrito Federal e estava, desde o fim de 2017, a passeio na Regi\u00e3o dos Lagos (Rio de Janeiro) e no munic\u00edpio de Bar\u00e3o de Monte Alto.<\/p>\n<p>&nbsp;<\/p>\n<p>Fonte: Assessoria\/Prefeitura de Muria\u00e9<\/p>\n","protected":false},"excerpt":{"rendered":"<p>Est\u00e1 descartada a possibilidade da morte da paciente de 79 anos, que faleceu nessa quinta-feira, 25, no Hospital S\u00e3o Paulo (HSP), em Muria\u00e9 (a cerca de 158Km de JF) ter sido causada por febre amarela. A informa\u00e7\u00e3o \u00e9 do m\u00e9dico infectologista Daniel Licy, que relatou que a idosa, que tinha suspeita da doen\u00e7a, veio a [&hellip;]<\/p>\n","protected":false},"author":96,"featured_media":90577,"comment_status":"closed","ping_status":"closed","sticky":false,"template":"","format":"standard","meta":{"footnotes":""},"categories":[252],"tags":[],"class_list":["post-90578","post","type-post","status-publish","format-standard","has-post-thumbnail","hentry","category-regiao"],"_links":{"self":[{"href":"https:\/\/diarioregionaldigital.com.br\/index.php?rest_route=\/wp\/v2\/posts\/90578","targetHints":{"allow":["GET"]}}],"collection":[{"href":"https:\/\/diarioregionaldigital.com.br\/index.php?rest_route=\/wp\/v2\/posts"}],"about":[{"href":"https:\/\/diarioregionaldigital.com.br\/index.php?rest_route=\/wp\/v2\/types\/post"}],"author":[{"embeddable":true,"href":"https:\/\/diarioregionaldigital.com.br\/index.php?rest_route=\/wp\/v2\/users\/96"}],"replies":[{"embeddable":true,"href":"https:\/\/diarioregionaldigital.com.br\/index.php?rest_route=%2Fwp%2Fv2%2Fcomments&post=90578"}],"version-history":[{"count":0,"href":"https:\/\/diarioregionaldigital.com.br\/index.php?rest_route=\/wp\/v2\/posts\/90578\/revisions"}],"wp:featuredmedia":[{"embeddable":true,"href":"https:\/\/diarioregionaldigital.com.br\/index.php?rest_route=\/wp\/v2\/media\/90577"}],"wp:attachment":[{"href":"https:\/\/diarioregionaldigital.com.br\/index.php?rest_route=%2Fwp%2Fv2%2Fmedia&parent=90578"}],"wp:term":[{"taxonomy":"category","embeddable":true,"href":"https:\/\/diarioregionaldigital.com.br\/index.php?rest_route=%2Fwp%2Fv2%2Fcategories&post=90578"},{"taxonomy":"post_tag","embeddable":true,"href":"https:\/\/diarioregionaldigital.com.br\/index.php?rest_route=%2Fwp%2Fv2%2Ftags&post=90578"}],"curies":[{"name":"wp","href":"https:\/\/api.w.org\/{rel}","templated":true}]}}