{"id":90576,"date":"2018-01-26T21:30:34","date_gmt":"2018-01-26T23:30:34","guid":{"rendered":"http:\/\/diarioregionaljf.com.br\/2018\/01\/26\/atendimento-a-saude-de-mais-de-7-mil-idosos-pode-estar-comprometido\/"},"modified":"2018-01-26T21:30:34","modified_gmt":"2018-01-26T23:30:34","slug":"atendimento-a-saude-de-mais-de-7-mil-idosos-pode-estar-comprometido","status":"publish","type":"post","link":"https:\/\/diarioregionaldigital.com.br\/?p=90576","title":{"rendered":"Atendimento \u00e0 sa\u00fade de mais de 7 mil idosos pode estar comprometido"},"content":{"rendered":"<p>A assist\u00eancia \u00e0 sa\u00fade dos idosos atendidos pelo programa Mais Vida pode estar comprometida. A Ag\u00eancia de Coopera\u00e7\u00e3o Intermunicipal em Sa\u00fade P\u00e9 da Serra (Acispes), respons\u00e1vel pela execu\u00e7\u00e3o dos servi\u00e7os, n\u00e3o vem recebendo os repasses de verbas oriundos do Governo de Minas para custear o servi\u00e7o. A d\u00edvida, que se arrasta desde 2016, totaliza R$4.905.576,28. O atraso implica no funcionamento de toda a rede.<\/p>\n<p>Diante da situa\u00e7\u00e3o, a assembleia dos prefeitos dos munic\u00edpios consorciados \u00e0 Acispes decidiu paralisar o atendimento, a partir de 1\u00b0 de fevereiro, at\u00e9 que o pagamento do d\u00e9bito seja regularizado. Em nota, a Secretaria de Estado de Sa\u00fade de Minas Gerais (SES-MG) afirma que n\u00e3o h\u00e1 previs\u00e3o para a resolu\u00e7\u00e3o, por conta da crise financeira que atinge o estado.<\/p>\n<p>\u201cEntendemos que todos os estados passam por dificuldades financeiras, mas a Acispes chegou ao limite. H\u00e1 um ano e cinco meses, trabalhamos sobre essas condi\u00e7\u00f5es, mas sentimos que se continuar dessa forma pode prejudicar a sa\u00fade financeira da ag\u00eancia e das 26 cidades que s\u00e3o atendidas pelo cons\u00f3rcio\u201d, afirma a m\u00e9dica coordenadora do Centro Mais Vida, macrorregi\u00e3o Sudeste, Elaine Barbosa.<\/p>\n<p>Por exig\u00eancia da SES-MG, o centro, que funciona na sede da Acispes, no bairro S\u00e3o Mateus, regi\u00e3o central, realiza cerca de 600 atendimentos mensais, provenientes dos 94 munic\u00edpios que fazem parte da macrorregi\u00e3o Sudeste. O paciente passa por avalia\u00e7\u00e3o realizada por uma equipe composta por profissionais de diversas \u00e1reas, como m\u00e9dicos, fisioterapeutas, terapeutas ocupacionais, enfermeiros, fonoaudi\u00f3logos, farmac\u00eauticos, nutricionistas, psic\u00f3logos e assistentes sociais. \u201cDurante os atendimentos s\u00e3o realizados diversos exames, em que s\u00e3o observados v\u00e1rios aspectos, como a parte f\u00edsica, ps\u00edquica, social, entre outros\u201d, diz Elaine.<\/p>\n<p>Atrav\u00e9s do laudo m\u00e9dico, \u00e9 elaborado o plano de cuidados do idoso, que aponta os principais problemas de sa\u00fade do paciente e as sugest\u00f5es de tratamentos e utiliza\u00e7\u00e3o de medicamentos, facilitando o atendimento do paciente nas Unidades B\u00e1sicas de Sa\u00fade (UBS) de seu munic\u00edpio.<br \/>Apesar do impasse, Elaine reitera que, em nenhum momento, os pacientes foram desassistidos, e que ir\u00e3o receber assist\u00eancia at\u00e9 o fim do m\u00eas. \u201cNesse per\u00edodo, de maneira alguma o idoso foi prejudicado. Para se ter uma ideia, o centro conta com mais de 30 profissionais de terceiro grau, todos eles geri\u00e1tricos ou geront\u00f3logos, que oferecem medicina de m\u00e9dia-alta complexidade, voltada para a fragilidade do idoso. Nenhum deles quer parar, e todos ser\u00e3o atendidos at\u00e9 o in\u00edcio das paralisa\u00e7\u00f5es\u201d, refor\u00e7a.<\/p>\n<p>Com intuito de mobilizar as autoridades, a equipe da Acispes est\u00e1 programando um \u201cabra\u00e7o solid\u00e1rio\u201d com todos os idosos atendidos, no dia 2 de fevereiro, \u00e0s 10h, em frente \u00e0 entrada principal da entidade, em Juiz de Fora. \u201cO idoso fr\u00e1gil \u00e9 aquele que est\u00e1 prop\u00edcio a ter mais doen\u00e7a, ser internado, adoecer e morrer. A desassist\u00eancia ao programa significa que o estado est\u00e1 perdendo a chance de oferecer um auxilio geri\u00e1trico moderno, e a condi\u00e7\u00e3o dessa pessoa envelhecer com qualidade de vida e autonomia. A Aten\u00e7\u00e3o Prim\u00e1ria n\u00e3o consegue absorver essa demanda com a mesma agilidade do centro. As cidades n\u00e3o possuem equipes que consigam realizar exames de forma coletiva em apenas um dia. Em todos esses anos, foram quase 68 mil idosos atendidos\u201d, lembra.<\/p>\n<p>NOTA DA SES-MG<\/p>\n<p>Em nota, a secretaria informou que \u201co Estado de Minas Gerais enfrenta um crescente d\u00e9ficit financeiro decorrente do aumento de despesas pela insufici\u00eancia de receita, refletindo em todos os seus \u00f3rg\u00e3os, bem como na SES-MG. Dessa forma, o Governo de Minas decretou situa\u00e7\u00e3o de calamidade financeira no \u00e2mbito do Estado, de acordo com o Decreto n\u00ba 47.101, de 5 de dezembro de 2016. Diante disso, estamos nos esfor\u00e7ando para honrar os compromissos pactuados, manter nossas a\u00e7\u00f5es e dar os melhores encaminhamentos poss\u00edveis, ante o contexto supracitado\u201d.<\/p>\n","protected":false},"excerpt":{"rendered":"<p>A assist\u00eancia \u00e0 sa\u00fade dos idosos atendidos pelo programa Mais Vida pode estar comprometida. A Ag\u00eancia de Coopera\u00e7\u00e3o Intermunicipal em Sa\u00fade P\u00e9 da Serra (Acispes), respons\u00e1vel pela execu\u00e7\u00e3o dos servi\u00e7os, n\u00e3o vem recebendo os repasses de verbas oriundos do Governo de Minas para custear o servi\u00e7o. A d\u00edvida, que se arrasta desde 2016, totaliza R$4.905.576,28. [&hellip;]<\/p>\n","protected":false},"author":96,"featured_media":0,"comment_status":"closed","ping_status":"closed","sticky":false,"template":"","format":"standard","meta":{"footnotes":""},"categories":[253],"tags":[],"class_list":["post-90576","post","type-post","status-publish","format-standard","hentry","category-cidade"],"_links":{"self":[{"href":"https:\/\/diarioregionaldigital.com.br\/index.php?rest_route=\/wp\/v2\/posts\/90576","targetHints":{"allow":["GET"]}}],"collection":[{"href":"https:\/\/diarioregionaldigital.com.br\/index.php?rest_route=\/wp\/v2\/posts"}],"about":[{"href":"https:\/\/diarioregionaldigital.com.br\/index.php?rest_route=\/wp\/v2\/types\/post"}],"author":[{"embeddable":true,"href":"https:\/\/diarioregionaldigital.com.br\/index.php?rest_route=\/wp\/v2\/users\/96"}],"replies":[{"embeddable":true,"href":"https:\/\/diarioregionaldigital.com.br\/index.php?rest_route=%2Fwp%2Fv2%2Fcomments&post=90576"}],"version-history":[{"count":0,"href":"https:\/\/diarioregionaldigital.com.br\/index.php?rest_route=\/wp\/v2\/posts\/90576\/revisions"}],"wp:attachment":[{"href":"https:\/\/diarioregionaldigital.com.br\/index.php?rest_route=%2Fwp%2Fv2%2Fmedia&parent=90576"}],"wp:term":[{"taxonomy":"category","embeddable":true,"href":"https:\/\/diarioregionaldigital.com.br\/index.php?rest_route=%2Fwp%2Fv2%2Fcategories&post=90576"},{"taxonomy":"post_tag","embeddable":true,"href":"https:\/\/diarioregionaldigital.com.br\/index.php?rest_route=%2Fwp%2Fv2%2Ftags&post=90576"}],"curies":[{"name":"wp","href":"https:\/\/api.w.org\/{rel}","templated":true}]}}