{"id":90575,"date":"2018-01-26T21:23:45","date_gmt":"2018-01-26T23:23:45","guid":{"rendered":"http:\/\/diarioregionaljf.com.br\/2018\/01\/26\/secretaria-de-educacao-termina-chamamento-de-professores\/"},"modified":"2018-01-26T21:23:45","modified_gmt":"2018-01-26T23:23:45","slug":"secretaria-de-educacao-termina-chamamento-de-professores","status":"publish","type":"post","link":"https:\/\/diarioregionaldigital.com.br\/?p=90575","title":{"rendered":"Secretaria de Educa\u00e7\u00e3o termina chamamento de professores"},"content":{"rendered":"<p>A Secretaria Municipal de Educa\u00e7\u00e3o (SE) deu in\u00edcio, esta semana, ao chamamento de professores para o preenchimento dos postos de trabalho remanescentes nas unidades escolares de Juiz de Fora, para lecionar biologia, filosofia, espanhol, braile, int\u00e9rprete de libras, libras surdos-portugu\u00eas, libras ouvintes- matem\u00e1tica, ingl\u00eas, arte, capoeira, artes visuais, coordenador pedag\u00f3gico, anos iniciais (educa\u00e7\u00e3o infantil), inform\u00e1tica, ci\u00eancias, hist\u00f3ria, geografia, qu\u00edmica, f\u00edsica, educa\u00e7\u00e3o f\u00edsica, dan\u00e7a, teatro, m\u00fasica, portugu\u00eas e matem\u00e1tica. A atividade acontece no Centro de Forma\u00e7\u00e3o de Professores (CFP), localizado no Espa\u00e7o Mascarenhas, com in\u00edcio \u00e0s 8h, e com previs\u00e3o de encerramento \u00e0s 18h. O chamamento termina nesta sexta-feira, 26.<\/p>\n<p>Durante a convoca\u00e7\u00e3o, os profissionais puderam escolher a escola municipal em que desejam trabalhar no pr\u00f3ximo ano. Segundo a supervisora do Centro CFP, Lub\u00e9lia Barbosa, \u201cn\u00e3o existe a obrigatoriedade do retorno, e n\u00e3o necessariamente o professor que lecionou em uma escola voltar\u00e1 para a mesma institui\u00e7\u00e3o. Depende da classifica\u00e7\u00e3o do professor e do preenchimento das vagas\u201d.<\/p>\n<p>Todos os convocados j\u00e1 saem com a lista de exames admissionais que devem ser realizados e com a data prevista para a per\u00edcia m\u00e9dica da Prefeitura. Todos que assinaram o contrato tomar\u00e3o posse no dia 31 deste m\u00eas, e, no dia seguinte, assumir\u00e3o o primeiro semestre do ano letivo.<\/p>\n<p>Todas as informa\u00e7\u00f5es necess\u00e1rias foram disponibilizadas no Atos do Governo, no site da Prefeitura de Juiz de Fora, assim como a classifica\u00e7\u00e3o dos inscritos, data e o hor\u00e1rio para apresenta\u00e7\u00e3o na secretaria. Aqueles que n\u00e3o comparecerem at\u00e9 as 18h de sexta-feira, 26, ser\u00e3o automaticamente desclassificados, mas poder\u00e3o se inscrever novamente para lecionar em 2019.<\/p>\n<p>&nbsp;<\/p>\n<p>Fonte: Assessoria<\/p>\n","protected":false},"excerpt":{"rendered":"<p>A Secretaria Municipal de Educa\u00e7\u00e3o (SE) deu in\u00edcio, esta semana, ao chamamento de professores para o preenchimento dos postos de trabalho remanescentes nas unidades escolares de Juiz de Fora, para lecionar biologia, filosofia, espanhol, braile, int\u00e9rprete de libras, libras surdos-portugu\u00eas, libras ouvintes- matem\u00e1tica, ingl\u00eas, arte, capoeira, artes visuais, coordenador pedag\u00f3gico, anos iniciais (educa\u00e7\u00e3o infantil), inform\u00e1tica, [&hellip;]<\/p>\n","protected":false},"author":96,"featured_media":90574,"comment_status":"closed","ping_status":"closed","sticky":false,"template":"","format":"standard","meta":{"footnotes":""},"categories":[280],"tags":[],"class_list":["post-90575","post","type-post","status-publish","format-standard","has-post-thumbnail","hentry","category-concurso"],"_links":{"self":[{"href":"https:\/\/diarioregionaldigital.com.br\/index.php?rest_route=\/wp\/v2\/posts\/90575","targetHints":{"allow":["GET"]}}],"collection":[{"href":"https:\/\/diarioregionaldigital.com.br\/index.php?rest_route=\/wp\/v2\/posts"}],"about":[{"href":"https:\/\/diarioregionaldigital.com.br\/index.php?rest_route=\/wp\/v2\/types\/post"}],"author":[{"embeddable":true,"href":"https:\/\/diarioregionaldigital.com.br\/index.php?rest_route=\/wp\/v2\/users\/96"}],"replies":[{"embeddable":true,"href":"https:\/\/diarioregionaldigital.com.br\/index.php?rest_route=%2Fwp%2Fv2%2Fcomments&post=90575"}],"version-history":[{"count":0,"href":"https:\/\/diarioregionaldigital.com.br\/index.php?rest_route=\/wp\/v2\/posts\/90575\/revisions"}],"wp:featuredmedia":[{"embeddable":true,"href":"https:\/\/diarioregionaldigital.com.br\/index.php?rest_route=\/wp\/v2\/media\/90574"}],"wp:attachment":[{"href":"https:\/\/diarioregionaldigital.com.br\/index.php?rest_route=%2Fwp%2Fv2%2Fmedia&parent=90575"}],"wp:term":[{"taxonomy":"category","embeddable":true,"href":"https:\/\/diarioregionaldigital.com.br\/index.php?rest_route=%2Fwp%2Fv2%2Fcategories&post=90575"},{"taxonomy":"post_tag","embeddable":true,"href":"https:\/\/diarioregionaldigital.com.br\/index.php?rest_route=%2Fwp%2Fv2%2Ftags&post=90575"}],"curies":[{"name":"wp","href":"https:\/\/api.w.org\/{rel}","templated":true}]}}