{"id":90573,"date":"2018-01-26T21:19:23","date_gmt":"2018-01-26T23:19:23","guid":{"rendered":"http:\/\/diarioregionaljf.com.br\/2018\/01\/26\/secretaria-confirma-primeiro-obito-por-febre-amarela-em-juiz-de-fora\/"},"modified":"2018-01-26T21:19:23","modified_gmt":"2018-01-26T23:19:23","slug":"secretaria-confirma-primeiro-obito-por-febre-amarela-em-juiz-de-fora","status":"publish","type":"post","link":"https:\/\/diarioregionaldigital.com.br\/?p=90573","title":{"rendered":"Secretaria confirma primeiro \u00f3bito por febre amarela em Juiz de Fora"},"content":{"rendered":"<p>Juiz de Fora registrou oito casos de febre amarela em moradores da cidade. A informa\u00e7\u00e3o foi confirmada pela secretaria municipal de Sa\u00fade, Elizabeth Juc\u00e1, em coletiva de imprensa na manh\u00e3 dessa sexta-feira, 26. Deste n\u00famero, um foi descartado, seis s\u00e3o suspeitos e o \u00faltimo foi confirmado que veio a \u00f3bito em decorr\u00eancia da doen\u00e7a.<\/p>\n<p>O paciente em quest\u00e3o \u00e9 o homem de 58 anos que foi internado no Hospital Albert Sabin com suspeita de febre amarela, mas em seguida foi transferido para Santa Casa, no dia 17 de janeiro, onde foi submetido a um transplante de f\u00edgado por apresentar quadro de hepatite fulminante. Ele morreu no dia seguinte, 18.<\/p>\n<p>Dentre os casos suspeitos, quatro tamb\u00e9m j\u00e1 vieram a \u00f3bito e os outros dois seguem internados. Segundo Elizabeth, dois dos oitos casos podem ter contra\u00eddo a doen\u00e7a em outro munic\u00edpio, pois estavam viajando.<\/p>\n<p>\u201cN\u00f3s n\u00e3o estamos em uma situa\u00e7\u00e3o de surto. O munic\u00edpio foi inclu\u00eddo no decreto porque toda a capacidade para atender a regi\u00e3o est\u00e1 instalada em Juiz de Fora. O dispositivo facilita e agiliza a ado\u00e7\u00e3o de medidas necess\u00e1rias ao enfrentamento da doen\u00e7a\u201d, ressaltou. O decreto, citado pela secret\u00e1ria, \u00e9 o dispositivo que declarou Situa\u00e7\u00e3o de Emerg\u00eancia em Sa\u00fade P\u00fablica nas regionais de Juiz de Fora e Barbacena, publicado pelo governo estadual na quinta-feira, 25.<\/p>\n<p>Com a publica\u00e7\u00e3o do dispositivo, o Governo poder\u00e1 adquirir insumos e materiais, bem como contratar por tempo determinado servi\u00e7os estritamente necess\u00e1rios ao atendimento da situa\u00e7\u00e3o emergencial, sem a necessidade de realizar licita\u00e7\u00e3o, para os munic\u00edpios que integram a \u00e1rea de abrang\u00eancia das unidades regionais de sa\u00fade.<\/p>\n<p>O decreto tamb\u00e9m cria a Sala de Situa\u00e7\u00e3o para controle epidemiol\u00f3gico da febre amarela no munic\u00edpio e na regi\u00e3o. O local come\u00e7ou a funcionar na sexta-feira, 26, na Superintend\u00eancia Regional de Sa\u00fade (SRS). Outra defini\u00e7\u00e3o anunciada foi o Hospital Regional Doutor Jo\u00e3o Penido como refer\u00eancia para o tratamento dos casos suspeitos de febre amarela na regi\u00e3o.<\/p>\n<h4>COBERTURA VACINAL<\/h4>\n<p>Em rela\u00e7\u00e3o a cobertura vacinal, a secret\u00e1ria afirmou que o munic\u00edpio est\u00e1 pr\u00f3ximo de alcan\u00e7ar a meta determinada pelo Minist\u00e9rio da Sa\u00fade. \u201cAtualmente, n\u00f3s estamos com 91,55% da popula\u00e7\u00e3o vacinada. Estamos fazendo uma busca ativa daquelas pessoas que ainda n\u00e3o foram imunizadas, principalmente homens entre 40 e 50 anos, faixa et\u00e1ria com maior incid\u00eancia da doen\u00e7a\u201d, frisou Elizabeth. O Minist\u00e9rio da Sa\u00fade preconiza o \u00edndice de 95% de cobertura vacinal.<\/p>\n<p>Segundo o subsecret\u00e1rio de Vigil\u00e2ncia em Sa\u00fade do munic\u00edpio, Rodrigo Almeida, somente no m\u00eas de janeiro Juiz de Fora vacinou 30 mil pessoas. \u201cReiteramos e convocamos aquelas pessoas que n\u00e3o se vacinaram a procurarem as nossas Unidades B\u00e1sica de Sa\u00fade (UBSs), que n\u00e3o est\u00e3o fechando na hora do almo\u00e7o exatamente para favorecer a imuniza\u00e7\u00e3o. Al\u00e9m da vacina\u00e7\u00e3o, a informa\u00e7\u00e3o tamb\u00e9m \u00e9 importante e nossas unidades est\u00e3o prestando esclarecimentos a popula\u00e7\u00e3o\u201d, afirmou.<\/p>\n<p>Outro fator destacado pelas autoridades municipais \u00e9 que os m\u00e9dicos das UBSs est\u00e3o realizando consultas para indicar a possibilidade da popula\u00e7\u00e3o maior de 60 anos poder se vacinar. Caso a orienta\u00e7\u00e3o for que n\u00e3o tome devido a algum motivo de ordem de sa\u00fade, o idoso deve fazer o uso regular de repelente.<\/p>\n<p>Atualmente, apenas o ciclo silvestre da doen\u00e7a foi registrado na Sa\u00fade. Para que o ciclo urbano se restabele\u00e7a, no qual o transmissor \u00e9 o Aedes aegypti, a popula\u00e7\u00e3o ainda deve se preocupar com o mosquito. \u201cO LirAa apresentou o \u00edndice de 3.9. A Prefeitura j\u00e1 vem trabalhando de forma estrat\u00e9gica em todas as \u00e1reas do munic\u00edpio com \u00edndices maiores de infesta\u00e7\u00e3o. Mas a popula\u00e7\u00e3o deve nos apoiar nesse momento e fazer a tarefa di\u00e1ria ou semanalmente de verificar em suas resid\u00eancias locais que acumulem \u00e1gua para combatermos o Aedes e manter o ciclo silvestre da doen\u00e7a\u201d, relembrou Almeida. Vale destacar que o mosquito tamb\u00e9m \u00e9 o vetor de transmiss\u00e3o da dengue, zika e chikungunya.<\/p>\n<p>&nbsp;<\/p>\n<h4>REGIONAL DE JUIZ DE FORA<\/h4>\n<p>A secret\u00e1ria de Sa\u00fade tamb\u00e9m divulgou os dados da regional de Juiz de Fora at\u00e9 a manh\u00e3 de sexta-feira. Segundo as informa\u00e7\u00f5es da Vigil\u00e2ncia Epidemiol\u00f3gica, foram internados nos hospitais da cidade 28 pacientes suspeitos de febre amarela, sendo oito casos de moradores de Juiz de Fora e 20 vindos de cidades da regi\u00e3o.<\/p>\n<p>Em Minas Gerais, onde o v\u00edrus circula h\u00e1 dois anos, j\u00e1 foram confirmados 47 casos, dos quais 25 evolu\u00edram para \u00f3bito. \u201cTodas as a\u00e7\u00f5es que estamos desenvolvendo tem como objetivo conter essa r\u00e1pida transmiss\u00e3o da doen\u00e7a nas regi\u00f5es que estamos identificando como priorit\u00e1rias neste momento\u201d, afirmou o subsecret\u00e1rio de Vigil\u00e2ncia e Prote\u00e7\u00e3o da Secretaria de Estado de Sa\u00fade (SES\/MG), Rodrigo Said.<\/p>\n<p>O subsecret\u00e1rio tamb\u00e9m esclareceu que os \u00f3rg\u00e3os de sa\u00fade estar\u00e3o mais atentos a sintomas comuns a outras doen\u00e7as e que tamb\u00e9m podem caracterizar a febre amarela. \u201cNosso objetivo \u00e9 garantir maior sensibilidade da nossa rede de aten\u00e7\u00e3o para um diagn\u00f3stico precoce de doen\u00e7a para evitar a ocorr\u00eancia do \u00f3bito\u201d, ressaltou.<\/p>\n<p>Em rela\u00e7\u00e3o a informa\u00e7\u00e3o da origem do paciente, a SES\/MG recomenda que seja divulgada quando finalizar a investiga\u00e7\u00e3o de caso. \u201c\u00c9 um processo demorado, n\u00e3o \u00e9 t\u00e3o simples. Por exemplo, esse paciente pode ser residente de Juiz de Fora, mas contra\u00eddo a doen\u00e7a em outra cidade. Por isso, \u00e9 necess\u00e1rio identificar toda hist\u00f3ria de deslocamento desse paciente nos \u00faltimos 15 dias a partir da data do in\u00edcio do sintoma. Muitas vezes essas informa\u00e7\u00f5es s\u00e3o dif\u00edceis de se obter porque a pr\u00f3pria fam\u00edlia n\u00e3o tem conhecimento. Por isso a gente s\u00f3 faz a divulga\u00e7\u00e3o quando tem clareza do local prov\u00e1vel da infec\u00e7\u00e3o\u201d, finalizou.<\/p>\n","protected":false},"excerpt":{"rendered":"<p>Juiz de Fora registrou oito casos de febre amarela em moradores da cidade. A informa\u00e7\u00e3o foi confirmada pela secretaria municipal de Sa\u00fade, Elizabeth Juc\u00e1, em coletiva de imprensa na manh\u00e3 dessa sexta-feira, 26. Deste n\u00famero, um foi descartado, seis s\u00e3o suspeitos e o \u00faltimo foi confirmado que veio a \u00f3bito em decorr\u00eancia da doen\u00e7a. O [&hellip;]<\/p>\n","protected":false},"author":96,"featured_media":90572,"comment_status":"closed","ping_status":"closed","sticky":false,"template":"","format":"standard","meta":{"footnotes":""},"categories":[253],"tags":[],"class_list":["post-90573","post","type-post","status-publish","format-standard","has-post-thumbnail","hentry","category-cidade"],"_links":{"self":[{"href":"https:\/\/diarioregionaldigital.com.br\/index.php?rest_route=\/wp\/v2\/posts\/90573","targetHints":{"allow":["GET"]}}],"collection":[{"href":"https:\/\/diarioregionaldigital.com.br\/index.php?rest_route=\/wp\/v2\/posts"}],"about":[{"href":"https:\/\/diarioregionaldigital.com.br\/index.php?rest_route=\/wp\/v2\/types\/post"}],"author":[{"embeddable":true,"href":"https:\/\/diarioregionaldigital.com.br\/index.php?rest_route=\/wp\/v2\/users\/96"}],"replies":[{"embeddable":true,"href":"https:\/\/diarioregionaldigital.com.br\/index.php?rest_route=%2Fwp%2Fv2%2Fcomments&post=90573"}],"version-history":[{"count":0,"href":"https:\/\/diarioregionaldigital.com.br\/index.php?rest_route=\/wp\/v2\/posts\/90573\/revisions"}],"wp:featuredmedia":[{"embeddable":true,"href":"https:\/\/diarioregionaldigital.com.br\/index.php?rest_route=\/wp\/v2\/media\/90572"}],"wp:attachment":[{"href":"https:\/\/diarioregionaldigital.com.br\/index.php?rest_route=%2Fwp%2Fv2%2Fmedia&parent=90573"}],"wp:term":[{"taxonomy":"category","embeddable":true,"href":"https:\/\/diarioregionaldigital.com.br\/index.php?rest_route=%2Fwp%2Fv2%2Fcategories&post=90573"},{"taxonomy":"post_tag","embeddable":true,"href":"https:\/\/diarioregionaldigital.com.br\/index.php?rest_route=%2Fwp%2Fv2%2Ftags&post=90573"}],"curies":[{"name":"wp","href":"https:\/\/api.w.org\/{rel}","templated":true}]}}