{"id":90569,"date":"2018-01-26T20:07:01","date_gmt":"2018-01-26T22:07:01","guid":{"rendered":"http:\/\/diarioregionaljf.com.br\/2018\/01\/26\/inss-libera-pagamentos-dos-aposentados-com-reajuste\/"},"modified":"2018-01-26T20:07:01","modified_gmt":"2018-01-26T22:07:01","slug":"inss-libera-pagamentos-dos-aposentados-com-reajuste","status":"publish","type":"post","link":"https:\/\/diarioregionaldigital.com.br\/?p=90569","title":{"rendered":"INSS libera pagamentos dos aposentados com reajuste"},"content":{"rendered":"<p>Os aposentados e pensionistas do Instituto Nacional do Seguro Social (INSS) j\u00e1 est\u00e3o recebendo os benef\u00edcios de janeiros com o reajuste anual. A ordem dos dep\u00f3sitos \u00e9 definida pelo n\u00famero final do benef\u00edcio, sem o digito. O instituto paga primeiro aposentadorias, pens\u00f5es e aux\u00edlios no valor de um sal\u00e1rio m\u00ednimo.<\/p>\n<p>Quem ganha um benef\u00edcio maior come\u00e7ar\u00e1 a receber a grana corrigida na pr\u00f3xima quinta-feira, dia 1\u00b0 de fevereiro. O calend\u00e1rio de pagamento vai at\u00e9 o dia 7 do pr\u00f3ximo m\u00eas.<\/p>\n<p>O sal\u00e1rio m\u00ednimo, que serve como refer\u00eancia de piso para benef\u00edcios previdenci\u00e1rios, subiu de R$937 para R$954 neste ano. O aumento \u00e9 de apenas 1,81%, inferior a infla\u00e7\u00e3o acumulada no ano passado, de 2,07% conforme o \u00cdndice Nacional de Pre\u00e7os ao Consumidor (INPC), medido pelo IBGE.<\/p>\n<p>O aposentado que recebia o m\u00ednimo no ano passado continuar\u00e1 recebendo o piso neste ano. O aumento ser\u00e1 de R$17. Quem j\u00e1 tinha uma aposentadoria superior ao piso em janeiro do ano passado ter\u00e1 o reajuste completo, pelo INPC.<\/p>\n<p>Com essa corre\u00e7\u00e3o, o teto dos benef\u00edcios da Previd\u00eancia subiu de R$5.531,31 para R$5.645,80. Os benef\u00edcios que come\u00e7aram a ser pagos a partir de fevereiro ter\u00e3o corre\u00e7\u00e3o proporcional \u00e0 infla\u00e7\u00e3o acumulada entre o m\u00eas de concess\u00e3o e dezembro.<\/p>\n<h4>Extrato liberado<\/h4>\n<p>Todos os benef\u00edcios j\u00e1 podem consultar o extrato do benef\u00edcio deste m\u00eas. O holerite est\u00e1 dispon\u00edvel no site (meu.inss.gov.br). O aposentado pode verificar o valor do pagamento na op\u00e7\u00e3o \u201chist\u00f3rico de cr\u00e9dito do benef\u00edcio\u201d, no portal de servi\u00e7os do INSS. No primeiro acesso, ser\u00e1 preciso cadastrar uma senha no pr\u00f3prio site.<\/p>\n<hr \/>\n<p>&nbsp;<\/p>\n","protected":false},"excerpt":{"rendered":"<p>Os aposentados e pensionistas do Instituto Nacional do Seguro Social (INSS) j\u00e1 est\u00e3o recebendo os benef\u00edcios de janeiros com o reajuste anual. A ordem dos dep\u00f3sitos \u00e9 definida pelo n\u00famero final do benef\u00edcio, sem o digito. O instituto paga primeiro aposentadorias, pens\u00f5es e aux\u00edlios no valor de um sal\u00e1rio m\u00ednimo. Quem ganha um benef\u00edcio maior [&hellip;]<\/p>\n","protected":false},"author":96,"featured_media":90568,"comment_status":"closed","ping_status":"closed","sticky":false,"template":"","format":"standard","meta":{"footnotes":""},"categories":[261],"tags":[],"class_list":["post-90569","post","type-post","status-publish","format-standard","has-post-thumbnail","hentry","category-economia"],"_links":{"self":[{"href":"https:\/\/diarioregionaldigital.com.br\/index.php?rest_route=\/wp\/v2\/posts\/90569","targetHints":{"allow":["GET"]}}],"collection":[{"href":"https:\/\/diarioregionaldigital.com.br\/index.php?rest_route=\/wp\/v2\/posts"}],"about":[{"href":"https:\/\/diarioregionaldigital.com.br\/index.php?rest_route=\/wp\/v2\/types\/post"}],"author":[{"embeddable":true,"href":"https:\/\/diarioregionaldigital.com.br\/index.php?rest_route=\/wp\/v2\/users\/96"}],"replies":[{"embeddable":true,"href":"https:\/\/diarioregionaldigital.com.br\/index.php?rest_route=%2Fwp%2Fv2%2Fcomments&post=90569"}],"version-history":[{"count":0,"href":"https:\/\/diarioregionaldigital.com.br\/index.php?rest_route=\/wp\/v2\/posts\/90569\/revisions"}],"wp:featuredmedia":[{"embeddable":true,"href":"https:\/\/diarioregionaldigital.com.br\/index.php?rest_route=\/wp\/v2\/media\/90568"}],"wp:attachment":[{"href":"https:\/\/diarioregionaldigital.com.br\/index.php?rest_route=%2Fwp%2Fv2%2Fmedia&parent=90569"}],"wp:term":[{"taxonomy":"category","embeddable":true,"href":"https:\/\/diarioregionaldigital.com.br\/index.php?rest_route=%2Fwp%2Fv2%2Fcategories&post=90569"},{"taxonomy":"post_tag","embeddable":true,"href":"https:\/\/diarioregionaldigital.com.br\/index.php?rest_route=%2Fwp%2Fv2%2Ftags&post=90569"}],"curies":[{"name":"wp","href":"https:\/\/api.w.org\/{rel}","templated":true}]}}