{"id":90567,"date":"2018-01-26T20:02:52","date_gmt":"2018-01-26T22:02:52","guid":{"rendered":"http:\/\/diarioregionaljf.com.br\/2018\/01\/26\/copa-do-mundo-inspira-folia-da-edicao-2018-do-bloco-do-bar-do-abilio\/"},"modified":"2018-01-26T20:02:52","modified_gmt":"2018-01-26T22:02:52","slug":"copa-do-mundo-inspira-folia-da-edicao-2018-do-bloco-do-bar-do-abilio","status":"publish","type":"post","link":"https:\/\/diarioregionaldigital.com.br\/?p=90567","title":{"rendered":"Copa do Mundo inspira folia da edi\u00e7\u00e3o 2018 do Bloco do Bar do Ab\u00edlio"},"content":{"rendered":"<p>Em clima de Copa do Mundo, o Bloco do Bar do Ab\u00edlio decidiu reunir, em um s\u00f3 lugar, o que os brasileiros mais gostam: futebol, boa m\u00fasica e cerveja gelada.<\/p>\n<p>Al\u00e9m de dar in\u00edcio \u00e0 torcida pela sele\u00e7\u00e3o brasileira de futebol, em 2018 o bloco tamb\u00e9m comemora os 49 anos de tradi\u00e7\u00e3o do Bar do Ab\u00edlio (Rua Fonseca Hermes, n\u00ba180, Centro). Comandado pelo Sr. Ab\u00edlio Moreira e sua filha T\u00e2nia Moreira, o estabelecimento \u00e9 refer\u00eancia na cidade para quem procura uma tradicional e saborosa comida de boteco.<\/p>\n<p>O Bloco do Bar do Ab\u00edlio vai acontecer no dia 28 de janeiro, a partir das 13h, no Mariano Hall, na Avenida Brasil, n\u00ba 6955, bairro Mariano Proc\u00f3pio.<\/p>\n<p>O evento ser\u00e1 apresentado por Jonathan Frizeiro, e contar\u00e1 com diversas atra\u00e7\u00f5es, como Grupo Deixa em Off, Resenha Dos M\u00fasicos (Resenha de Segunda), Grupo Outro Verso e DJ Marcelo Ferrarezi, al\u00e9m de um super show com Grupo BalacoBaco, tocando seu grande sucesso &#8220;Tia Nast\u00e1cia&#8221;.<\/p>\n<p>Os abad\u00e1s est\u00e3o a venda no Bar do Ab\u00edlio ou pelos telefones (32) 9 8833-3922 &#8211; Patricia Christov\u00e3o; (32) 9 8807-5036 &#8211; Vivian Meana e (32) 9 9965-0804 &#8211; Raphael Christov\u00e3o. O 2\u00ba lote, no valor de R$25, ser\u00e1 vendido at\u00e9 este s\u00e1bado, 27.<\/p>\n","protected":false},"excerpt":{"rendered":"<p>Em clima de Copa do Mundo, o Bloco do Bar do Ab\u00edlio decidiu reunir, em um s\u00f3 lugar, o que os brasileiros mais gostam: futebol, boa m\u00fasica e cerveja gelada. Al\u00e9m de dar in\u00edcio \u00e0 torcida pela sele\u00e7\u00e3o brasileira de futebol, em 2018 o bloco tamb\u00e9m comemora os 49 anos de tradi\u00e7\u00e3o do Bar do [&hellip;]<\/p>\n","protected":false},"author":96,"featured_media":90566,"comment_status":"closed","ping_status":"closed","sticky":false,"template":"","format":"standard","meta":{"footnotes":""},"categories":[253],"tags":[],"class_list":["post-90567","post","type-post","status-publish","format-standard","has-post-thumbnail","hentry","category-cidade"],"_links":{"self":[{"href":"https:\/\/diarioregionaldigital.com.br\/index.php?rest_route=\/wp\/v2\/posts\/90567","targetHints":{"allow":["GET"]}}],"collection":[{"href":"https:\/\/diarioregionaldigital.com.br\/index.php?rest_route=\/wp\/v2\/posts"}],"about":[{"href":"https:\/\/diarioregionaldigital.com.br\/index.php?rest_route=\/wp\/v2\/types\/post"}],"author":[{"embeddable":true,"href":"https:\/\/diarioregionaldigital.com.br\/index.php?rest_route=\/wp\/v2\/users\/96"}],"replies":[{"embeddable":true,"href":"https:\/\/diarioregionaldigital.com.br\/index.php?rest_route=%2Fwp%2Fv2%2Fcomments&post=90567"}],"version-history":[{"count":0,"href":"https:\/\/diarioregionaldigital.com.br\/index.php?rest_route=\/wp\/v2\/posts\/90567\/revisions"}],"wp:featuredmedia":[{"embeddable":true,"href":"https:\/\/diarioregionaldigital.com.br\/index.php?rest_route=\/wp\/v2\/media\/90566"}],"wp:attachment":[{"href":"https:\/\/diarioregionaldigital.com.br\/index.php?rest_route=%2Fwp%2Fv2%2Fmedia&parent=90567"}],"wp:term":[{"taxonomy":"category","embeddable":true,"href":"https:\/\/diarioregionaldigital.com.br\/index.php?rest_route=%2Fwp%2Fv2%2Fcategories&post=90567"},{"taxonomy":"post_tag","embeddable":true,"href":"https:\/\/diarioregionaldigital.com.br\/index.php?rest_route=%2Fwp%2Fv2%2Ftags&post=90567"}],"curies":[{"name":"wp","href":"https:\/\/api.w.org\/{rel}","templated":true}]}}