{"id":90565,"date":"2018-01-26T19:52:55","date_gmt":"2018-01-26T21:52:55","guid":{"rendered":"http:\/\/diarioregionaljf.com.br\/2018\/01\/26\/o-testemunho-de-dom-celio\/"},"modified":"2018-04-16T08:05:40","modified_gmt":"2018-04-16T11:05:40","slug":"o-testemunho-de-dom-celio","status":"publish","type":"post","link":"https:\/\/diarioregionaldigital.com.br\/?p=90565","title":{"rendered":"O testemunho de Dom C\u00e9lio"},"content":{"rendered":"<p>Certa da feliz ressurrei\u00e7\u00e3o dos que morrem no Senhor, a Igreja entregou nas m\u00e3os do Pai, neste janeiro, a vida, a obra e os sofrimentos de Dom C\u00e9lio de Oliveira Goulart, quarto Bispo da Diocese de S\u00e3o Jo\u00e3o del Rei.<\/p>\n<p>Numa caminhada de pouco mais de 73 anos, tendo se consagrado a Deus indivisivelmente desde a sua juventude nos caminhos de S\u00e3o Francisco de Assis, abra\u00e7ou a pobreza evang\u00e9lica, se tornou mission\u00e1rio, sacerdote do Alt\u00edssimo, serviu o P\u00e3o do C\u00e9u, pregou a Palavra, guardou intacta a f\u00e9 e espalhou o amor de Deus por muitos lugares. Chamado pela M\u00e3e Igreja ao episcopado, sucedeu os Ap\u00f3stolos em Leopoldina, depois em Cachoeiro do Itapemirim e, por fim em S\u00e3o Jo\u00e3o del Rei.<\/p>\n<p>Sua nomea\u00e7\u00e3o para a Igreja Particular de S\u00e3o Jo\u00e3o del Rei, a 26 de maio de 2010, veio satisfazer sua vontade pr\u00f3pria, como me confidenciou \u00e0 \u00e9poca, antes mesmo que se iniciasse o processo sucess\u00f3rio. Perguntei, \u00e0 ocasi\u00e3o, se ele se sentia disposto a abra\u00e7ar de cheio esta diocese com tudo o que ela representa de especial, incluindo a sua expressividade t\u00e3o extraordin\u00e1ria em arte sacra, sobretudo na m\u00fasica que guarda imenso acervo da liturgia hist\u00f3rica e sua leg\u00edtimas tradi\u00e7\u00f5es. Ele me respondeu que, embora n\u00e3o tivesse o dom de cartar como gostaria, amava muito estas tradi\u00e7\u00f5es mineiras como verdadeiros ve\u00edculos de evangeliza\u00e7\u00e3o, podendo atrav\u00e9s delas chegar aos cora\u00e7\u00f5es do povo sanjoanense, pois fora naquela hist\u00f3rica cidade que ele havia come\u00e7ado sua de vida sacerdotal, t\u00e3o logo fora ordenado presb\u00edtero na Ordem dos Frades Menores.<\/p>\n<p>P\u00f4de assim reger aquela Igreja por mais de sete anos e presidir tantas vezes as cerim\u00f4nias de beleza sem par que acontecem nesta Diocese, al\u00e9m de dar apoio a todas as demais for\u00e7as pastorais da Igreja local at\u00e9 os \u00faltimos momentos de sua exist\u00eancia. Soube colocar em pr\u00e1tica as renova\u00e7\u00f5es do Concilio Vaticano II sem, contudo, em nada prejudicar as cerim\u00f4nias hist\u00f3ricas, art\u00edsticas e piedosas desta terra, que, com todo direito, pode ser destacada como capital da M\u00fasica Sacra no Brasil. Esta foi uma das virtudes deste Pastor admir\u00e1vel, pois o Conc\u00edlio Vaticano II n\u00e3o quis destruir nada, mas apenas acrescentar sem ferir, renovar sem demolir. Isto est\u00e1 de fato impresso na Constitui\u00e7\u00e3o Conciliar Sacrosanctum Concilium, quando diz: \u201cHavendo em algumas regi\u00f5es&#8230; povos que t\u00eam uma tradi\u00e7\u00e3o musical pr\u00f3pria, a qual desempenha importante fun\u00e7\u00e3o em sua vida religiosa e social, a esta m\u00fasica se deem a devida estima\u00e7\u00e3o e o lugar conveniente, tanto para lhes formar o senso religioso, quanto para adaptar o culto \u00e0 sua mentalidade\u201d (SC 119) .<\/p>\n<p>Frade da Prov\u00edncia de Santa Cruz, teve sua vida marcada pela for\u00e7a deste s\u00edmbolo. Nasceu no dia 14 de setembro, dia da Exalta\u00e7\u00e3o da Santa Cruz; escolheu para lema de seu episcopado Crux Dei Virtus Est (A Cruz \u00e9 a for\u00e7a de Deus). Como gesto misterioso do amor divino, foi-lhe concedido experimentar a expressividade deste lema no \u00faltimo ano de sua vida, quando lutou na f\u00e9 contra um c\u00e2ncer no p\u00e2ncreas, e muito intensamente no \u00faltimo m\u00eas no leito hospitalar. Ao entrar da madrugada da terceira sexta-feira do tempo comum da liturgia crist\u00e3, dia penitencial em todo o ano, recordando a cruz redentora de Cristo, \u00e0s v\u00e9speras da liturgia do Mart\u00edrio de S\u00e3o Sebasti\u00e3o, o Pai o aliviou dos seus sofrimentos, chamando-o ao seu feliz conv\u00edvio na eternidade.<\/p>\n<p>Crux Spes Nostra! Na cruz est\u00e1 de fato nossa esperan\u00e7a, pois se \u00e9 sinal de loucura para os pag\u00e3os, para n\u00f3s \u00e9 sinal inconteste de vit\u00f3ria.<\/p>\n<p>&nbsp;<\/p>\n<p><strong>Dom Gil Ant\u00f4nio Moreira &#8211; Arcebispo Metropolitano de Juiz de Fora<\/strong><\/p>\n<p>&nbsp;<\/p>\n","protected":false},"excerpt":{"rendered":"<p>Certa da feliz ressurrei\u00e7\u00e3o dos que morrem no Senhor, a Igreja entregou nas m\u00e3os do Pai, neste janeiro, a vida, a obra e os sofrimentos de Dom C\u00e9lio de Oliveira Goulart, quarto Bispo da Diocese de S\u00e3o Jo\u00e3o del Rei. Numa caminhada de pouco mais de 73 anos, tendo se consagrado a Deus indivisivelmente desde [&hellip;]<\/p>\n","protected":false},"author":96,"featured_media":0,"comment_status":"closed","ping_status":"closed","sticky":false,"template":"","format":"standard","meta":{"footnotes":""},"categories":[276],"tags":[],"class_list":["post-90565","post","type-post","status-publish","format-standard","hentry","category-dom-gil"],"_links":{"self":[{"href":"https:\/\/diarioregionaldigital.com.br\/index.php?rest_route=\/wp\/v2\/posts\/90565","targetHints":{"allow":["GET"]}}],"collection":[{"href":"https:\/\/diarioregionaldigital.com.br\/index.php?rest_route=\/wp\/v2\/posts"}],"about":[{"href":"https:\/\/diarioregionaldigital.com.br\/index.php?rest_route=\/wp\/v2\/types\/post"}],"author":[{"embeddable":true,"href":"https:\/\/diarioregionaldigital.com.br\/index.php?rest_route=\/wp\/v2\/users\/96"}],"replies":[{"embeddable":true,"href":"https:\/\/diarioregionaldigital.com.br\/index.php?rest_route=%2Fwp%2Fv2%2Fcomments&post=90565"}],"version-history":[{"count":0,"href":"https:\/\/diarioregionaldigital.com.br\/index.php?rest_route=\/wp\/v2\/posts\/90565\/revisions"}],"wp:attachment":[{"href":"https:\/\/diarioregionaldigital.com.br\/index.php?rest_route=%2Fwp%2Fv2%2Fmedia&parent=90565"}],"wp:term":[{"taxonomy":"category","embeddable":true,"href":"https:\/\/diarioregionaldigital.com.br\/index.php?rest_route=%2Fwp%2Fv2%2Fcategories&post=90565"},{"taxonomy":"post_tag","embeddable":true,"href":"https:\/\/diarioregionaldigital.com.br\/index.php?rest_route=%2Fwp%2Fv2%2Ftags&post=90565"}],"curies":[{"name":"wp","href":"https:\/\/api.w.org\/{rel}","templated":true}]}}