{"id":90564,"date":"2018-01-26T19:35:26","date_gmt":"2018-01-26T21:35:26","guid":{"rendered":"http:\/\/diarioregionaljf.com.br\/2018\/01\/26\/projeto-coibe-propagacao-do-discurso-de-odio-nas-redes-sociais\/"},"modified":"2018-01-26T19:35:26","modified_gmt":"2018-01-26T21:35:26","slug":"projeto-coibe-propagacao-do-discurso-de-odio-nas-redes-sociais","status":"publish","type":"post","link":"https:\/\/diarioregionaldigital.com.br\/?p=90564","title":{"rendered":"Projeto co\u00edbe propaga\u00e7\u00e3o do discurso de \u00f3dio nas redes sociais"},"content":{"rendered":"<p>A propaga\u00e7\u00e3o de discurso de \u00f3dio nas redes sociais poder\u00e1 ser punida com reclus\u00e3o de dois a cinco anos e multa. \u00c9 o que estabelece projeto do senador Paulo Bauer (PSDB- SC) que altera o Marco Civil da Internet (Lei 12.965\/2014) e tamb\u00e9m responsabiliza subsidiariamente o provedor que n\u00e3o retire o conte\u00fado gerado por terceiros ap\u00f3s o recebimento de notifica\u00e7\u00e3o.<\/p>\n<p>Pelo projeto (PLS 323\/2017), est\u00e1 sujeito \u00e0s penas previstas aquele que incitar o \u00f3dio, a discrimina\u00e7\u00e3o, o preconceito ou a viol\u00eancia contra pessoa, ou grupo de pessoas, em raz\u00e3o de sua etnia, ra\u00e7a, cor, nacionalidade, origem regional, idade, defici\u00eancia f\u00edsica ou mental, religi\u00e3o, sexo ou orienta\u00e7\u00e3o sexual.<\/p>\n<p>A pessoa ou grupo que se sentir ofendido tem legitimidade para pedir a retirada do conte\u00fado e apresentar requerimento para notifica\u00e7\u00e3o do provedor de internet, que ter\u00e1 o prazo de 24 horas, contadas da notifica\u00e7\u00e3o, para promover a indisponibiliza\u00e7\u00e3o cautelar desse conte\u00fado.<\/p>\n<p>Al\u00e9m disso, independente da responsabilidade subsidi\u00e1ria, o provedor que violar as regras ficar\u00e1 sujeito \u00e0 multa de at\u00e9 5% do faturamento do grupo econ\u00f4mico no Brasil no seu \u00faltimo exerc\u00edcio, exclu\u00eddos os tributos.<\/p>\n<p>Para Paulo Bauer, o discurso de \u00f3dio \u00e9 incompat\u00edvel com o exerc\u00edcio das liberdades democr\u00e1ticas, pois \u201cquem dele faz uso n\u00e3o busca o di\u00e1logo\u201d. Nesse sentido, \u201cos provedores de redes sociais devem participar ativamente no combate desse problema na medida em que s\u00e3o respons\u00e1veis pela presta\u00e7\u00e3o de um servi\u00e7o que potencializa enormemente a divulga\u00e7\u00e3o de conte\u00fados ofensivos\u201d.<\/p>\n<p>A mat\u00e9ria foi distribu\u00edda inicialmente para as Comiss\u00f5es de Ci\u00eancia, Tecnologia, Inova\u00e7\u00e3o, Comunica\u00e7\u00e3o e Inform\u00e1tica (CCT) e de Constitui\u00e7\u00e3o, Justi\u00e7a e Cidadania (CCJ). No entanto, requerimento da senadora Vanessa Grazziotin (PCdoB-AM) solicitou audi\u00eancia p\u00fablica sobre o tema tamb\u00e9m na Comiss\u00e3o de Direitos Humanos e Legisla\u00e7\u00e3o Participativa (CDH). O requerimento aguarda inclus\u00e3o na ordem do dia do Plen\u00e1rio do Senado.<\/p>\n<p>Fonte: Ag\u00eancia Senado<\/p>\n","protected":false},"excerpt":{"rendered":"<p>A propaga\u00e7\u00e3o de discurso de \u00f3dio nas redes sociais poder\u00e1 ser punida com reclus\u00e3o de dois a cinco anos e multa. \u00c9 o que estabelece projeto do senador Paulo Bauer (PSDB- SC) que altera o Marco Civil da Internet (Lei 12.965\/2014) e tamb\u00e9m responsabiliza subsidiariamente o provedor que n\u00e3o retire o conte\u00fado gerado por terceiros [&hellip;]<\/p>\n","protected":false},"author":96,"featured_media":90563,"comment_status":"closed","ping_status":"closed","sticky":false,"template":"","format":"standard","meta":{"footnotes":""},"categories":[254],"tags":[],"class_list":["post-90564","post","type-post","status-publish","format-standard","has-post-thumbnail","hentry","category-politica"],"_links":{"self":[{"href":"https:\/\/diarioregionaldigital.com.br\/index.php?rest_route=\/wp\/v2\/posts\/90564","targetHints":{"allow":["GET"]}}],"collection":[{"href":"https:\/\/diarioregionaldigital.com.br\/index.php?rest_route=\/wp\/v2\/posts"}],"about":[{"href":"https:\/\/diarioregionaldigital.com.br\/index.php?rest_route=\/wp\/v2\/types\/post"}],"author":[{"embeddable":true,"href":"https:\/\/diarioregionaldigital.com.br\/index.php?rest_route=\/wp\/v2\/users\/96"}],"replies":[{"embeddable":true,"href":"https:\/\/diarioregionaldigital.com.br\/index.php?rest_route=%2Fwp%2Fv2%2Fcomments&post=90564"}],"version-history":[{"count":0,"href":"https:\/\/diarioregionaldigital.com.br\/index.php?rest_route=\/wp\/v2\/posts\/90564\/revisions"}],"wp:featuredmedia":[{"embeddable":true,"href":"https:\/\/diarioregionaldigital.com.br\/index.php?rest_route=\/wp\/v2\/media\/90563"}],"wp:attachment":[{"href":"https:\/\/diarioregionaldigital.com.br\/index.php?rest_route=%2Fwp%2Fv2%2Fmedia&parent=90564"}],"wp:term":[{"taxonomy":"category","embeddable":true,"href":"https:\/\/diarioregionaldigital.com.br\/index.php?rest_route=%2Fwp%2Fv2%2Fcategories&post=90564"},{"taxonomy":"post_tag","embeddable":true,"href":"https:\/\/diarioregionaldigital.com.br\/index.php?rest_route=%2Fwp%2Fv2%2Ftags&post=90564"}],"curies":[{"name":"wp","href":"https:\/\/api.w.org\/{rel}","templated":true}]}}