{"id":90562,"date":"2018-01-26T19:30:51","date_gmt":"2018-01-26T21:30:51","guid":{"rendered":"http:\/\/diarioregionaljf.com.br\/2018\/01\/26\/maia-reafirma-intencao-de-votar-previdencia-em-fevereiro\/"},"modified":"2018-01-26T19:30:51","modified_gmt":"2018-01-26T21:30:51","slug":"maia-reafirma-intencao-de-votar-previdencia-em-fevereiro","status":"publish","type":"post","link":"https:\/\/diarioregionaldigital.com.br\/?p=90562","title":{"rendered":"Maia reafirma inten\u00e7\u00e3o de votar Previd\u00eancia em fevereiro"},"content":{"rendered":"<p>O presidente da C\u00e2mara, Rodrigo Maia, defendeu a vota\u00e7\u00e3o da reforma Previd\u00eancia ainda em fevereiro e disse que espera ter, a partir do dia 20, pelo menos os 308 votos necess\u00e1rios para a aprova\u00e7\u00e3o do texto.<\/p>\n<p>Segundo Maia, apesar de o calend\u00e1rio estar mantido, a base ainda est\u00e1 buscando apoio \u00e0 proposta. O presidente destacou que a resist\u00eancia na sociedade \u00e0 reforma est\u00e1 diminuindo e que o maior desafio \u00e9 convencer os parlamentares acerca da import\u00e2ncia da reforma. Maia concedeu entrevista coletiva nessa quinta-feira, 25, \u00e0 noite ap\u00f3s participar de um evento em Goi\u00e2nia.<\/p>\n<p>\u201cEssa reforma \u00e9 a reforma da igualdade, na qual o trabalhador que ganha um sal\u00e1rio m\u00ednimo vai ter o mesmo sistema previdenci\u00e1rio daquele que ganha 30 mil ou o teto do INSS. Nosso desafio n\u00e3o \u00e9 mais apenas convencer parte da sociedade, nosso desafio \u00e9 mostrar ao deputado e \u00e0 deputada que o nosso objetivo \u00e9 ter um novo sistema (previdenci\u00e1rio) com igualdade\u201d, defendeu.<\/p>\n<p>&nbsp;<\/p>\n<h4>CONTAGEM DE VOTOS<\/h4>\n<p>Na quarta-feira, 24, o relator da reforma da Previd\u00eancia na C\u00e2mara, deputado Arthur Oliveira Maia (PPS-BA) afirmou que o governo ainda n\u00e3o tem os votos para aprovar a proposta, mas que a base est\u00e1 empenhada para conquistar os parlamentares indecisos. Ele disse que o ministro da Secretaria de Governo, Carlos Marun, informou que h\u00e1, no momento, 275 votos certos para aprovar a reforma e, aproximadamente, 55 parlamentares indecisos.<\/p>\n<p>&nbsp;<\/p>\n<h4>AGENDA<\/h4>\n<p>O presidente Rodrigo Maia tamb\u00e9m destacou na quinta-feira a agenda de vota\u00e7\u00f5es da C\u00e2mara neste semestre, que inclui uma pauta sobre seguran\u00e7a p\u00fablica e projetos para serem votados na semana do dia 8 de mar\u00e7o focados no combate \u00e0 viol\u00eancia contra a mulher.<\/p>\n<p>Em rela\u00e7\u00e3o aos projetos de seguran\u00e7a p\u00fablica, Maia destacou propostas para endurecer o combate ao tr\u00e1fico de armas e drogas no Pa\u00eds e alterar a legisla\u00e7\u00e3o em rela\u00e7\u00e3o ao sistema carcer\u00e1rio.<\/p>\n<p>\u201cHoje, o sistema n\u00e3o \u00e9 mais uma escola para o crime, hoje \u00e9 QG do crime. Precisamos criar uma nova estrutura onde a gente tire o QG do crime de dentro dos pres\u00eddios\u201d, disse.<\/p>\n<p>Ele tamb\u00e9m afirmou que pretende colocar em vota\u00e7\u00e3o uma nova legisla\u00e7\u00e3o que flexibilize o desarmamento no Pa\u00eds. \u201cVamos trabalhar com responsabilidade, n\u00e3o liberando tudo, mas organizando para que depois de cumprida todas as obriga\u00e7\u00f5es, a Pol\u00edcia Federal d\u00ea de forma respeitosa o direito \u00e0 posse de armas\u201d, explicou.<\/p>\n<p>Fonte: Ag\u00eancia C\u00e2mara Not\u00edcias<\/p>\n","protected":false},"excerpt":{"rendered":"<p>O presidente da C\u00e2mara, Rodrigo Maia, defendeu a vota\u00e7\u00e3o da reforma Previd\u00eancia ainda em fevereiro e disse que espera ter, a partir do dia 20, pelo menos os 308 votos necess\u00e1rios para a aprova\u00e7\u00e3o do texto. Segundo Maia, apesar de o calend\u00e1rio estar mantido, a base ainda est\u00e1 buscando apoio \u00e0 proposta. O presidente destacou [&hellip;]<\/p>\n","protected":false},"author":96,"featured_media":90561,"comment_status":"closed","ping_status":"closed","sticky":false,"template":"","format":"standard","meta":{"footnotes":""},"categories":[254],"tags":[],"class_list":["post-90562","post","type-post","status-publish","format-standard","has-post-thumbnail","hentry","category-politica"],"_links":{"self":[{"href":"https:\/\/diarioregionaldigital.com.br\/index.php?rest_route=\/wp\/v2\/posts\/90562","targetHints":{"allow":["GET"]}}],"collection":[{"href":"https:\/\/diarioregionaldigital.com.br\/index.php?rest_route=\/wp\/v2\/posts"}],"about":[{"href":"https:\/\/diarioregionaldigital.com.br\/index.php?rest_route=\/wp\/v2\/types\/post"}],"author":[{"embeddable":true,"href":"https:\/\/diarioregionaldigital.com.br\/index.php?rest_route=\/wp\/v2\/users\/96"}],"replies":[{"embeddable":true,"href":"https:\/\/diarioregionaldigital.com.br\/index.php?rest_route=%2Fwp%2Fv2%2Fcomments&post=90562"}],"version-history":[{"count":0,"href":"https:\/\/diarioregionaldigital.com.br\/index.php?rest_route=\/wp\/v2\/posts\/90562\/revisions"}],"wp:featuredmedia":[{"embeddable":true,"href":"https:\/\/diarioregionaldigital.com.br\/index.php?rest_route=\/wp\/v2\/media\/90561"}],"wp:attachment":[{"href":"https:\/\/diarioregionaldigital.com.br\/index.php?rest_route=%2Fwp%2Fv2%2Fmedia&parent=90562"}],"wp:term":[{"taxonomy":"category","embeddable":true,"href":"https:\/\/diarioregionaldigital.com.br\/index.php?rest_route=%2Fwp%2Fv2%2Fcategories&post=90562"},{"taxonomy":"post_tag","embeddable":true,"href":"https:\/\/diarioregionaldigital.com.br\/index.php?rest_route=%2Fwp%2Fv2%2Ftags&post=90562"}],"curies":[{"name":"wp","href":"https:\/\/api.w.org\/{rel}","templated":true}]}}