{"id":90560,"date":"2018-01-26T19:24:48","date_gmt":"2018-01-26T21:24:48","guid":{"rendered":"http:\/\/diarioregionaljf.com.br\/2018\/01\/26\/suspeito-de-homicidio-e-preso-em-lima-duarte\/"},"modified":"2018-01-26T19:24:48","modified_gmt":"2018-01-26T21:24:48","slug":"suspeito-de-homicidio-e-preso-em-lima-duarte","status":"publish","type":"post","link":"https:\/\/diarioregionaldigital.com.br\/?p=90560","title":{"rendered":"Suspeito de homic\u00eddio \u00e9 preso em Lima Duarte"},"content":{"rendered":"<p>Um jovem de 18 anos, suspeito da autoria de um homic\u00eddio cometido no dia 5 de janeiro em Lima Duarte (a aproximadamente 63 Km de Juiz de Fora), foi preso pela Pol\u00edcia Civil (PC) nesta sexta-feira, 26.<\/p>\n<p>De acordo com a PC, no dia dos fatos, a v\u00edtima, de 23 anos, foi at\u00e9 a casa da companheira do autor, no bairro Batatal, onde entrou em luta corporal com o investigado. Em seguida, o suspeito pegou uma faca e desferiu nove facadas na v\u00edtima, oito nas costas e uma no peito.<\/p>\n<p>Conforme o titular da Delegacia de Lima Duarte, Delegado Jos\u00e9 M\u00e1rcio de Almeida Lopes, o homem foi ouvido e confessou a pr\u00e1tica do crime. \u201cO inqu\u00e9rito policial em que foi deferida a pris\u00e3o preventiva do investigado foi remetido \u00e0 Justi\u00e7a com o indiciamento deste pela pr\u00e1tica do crime de homic\u00eddio qualificado\u201d, explicou.<\/p>\n<p>O investigado foi encaminhado ao&nbsp;Centro de Remanejamento de Presos (Ceresp) de Juiz de Fora.<\/p>\n<p>Colabora\u00e7\u00e3o: Assessoria<\/p>\n","protected":false},"excerpt":{"rendered":"<p>Um jovem de 18 anos, suspeito da autoria de um homic\u00eddio cometido no dia 5 de janeiro em Lima Duarte (a aproximadamente 63 Km de Juiz de Fora), foi preso pela Pol\u00edcia Civil (PC) nesta sexta-feira, 26. De acordo com a PC, no dia dos fatos, a v\u00edtima, de 23 anos, foi at\u00e9 a casa [&hellip;]<\/p>\n","protected":false},"author":96,"featured_media":90559,"comment_status":"closed","ping_status":"closed","sticky":false,"template":"","format":"standard","meta":{"footnotes":""},"categories":[252],"tags":[],"class_list":["post-90560","post","type-post","status-publish","format-standard","has-post-thumbnail","hentry","category-regiao"],"_links":{"self":[{"href":"https:\/\/diarioregionaldigital.com.br\/index.php?rest_route=\/wp\/v2\/posts\/90560","targetHints":{"allow":["GET"]}}],"collection":[{"href":"https:\/\/diarioregionaldigital.com.br\/index.php?rest_route=\/wp\/v2\/posts"}],"about":[{"href":"https:\/\/diarioregionaldigital.com.br\/index.php?rest_route=\/wp\/v2\/types\/post"}],"author":[{"embeddable":true,"href":"https:\/\/diarioregionaldigital.com.br\/index.php?rest_route=\/wp\/v2\/users\/96"}],"replies":[{"embeddable":true,"href":"https:\/\/diarioregionaldigital.com.br\/index.php?rest_route=%2Fwp%2Fv2%2Fcomments&post=90560"}],"version-history":[{"count":0,"href":"https:\/\/diarioregionaldigital.com.br\/index.php?rest_route=\/wp\/v2\/posts\/90560\/revisions"}],"wp:featuredmedia":[{"embeddable":true,"href":"https:\/\/diarioregionaldigital.com.br\/index.php?rest_route=\/wp\/v2\/media\/90559"}],"wp:attachment":[{"href":"https:\/\/diarioregionaldigital.com.br\/index.php?rest_route=%2Fwp%2Fv2%2Fmedia&parent=90560"}],"wp:term":[{"taxonomy":"category","embeddable":true,"href":"https:\/\/diarioregionaldigital.com.br\/index.php?rest_route=%2Fwp%2Fv2%2Fcategories&post=90560"},{"taxonomy":"post_tag","embeddable":true,"href":"https:\/\/diarioregionaldigital.com.br\/index.php?rest_route=%2Fwp%2Fv2%2Ftags&post=90560"}],"curies":[{"name":"wp","href":"https:\/\/api.w.org\/{rel}","templated":true}]}}