{"id":90558,"date":"2018-01-26T19:22:28","date_gmt":"2018-01-26T21:22:28","guid":{"rendered":"http:\/\/diarioregionaljf.com.br\/2018\/01\/26\/trf4-nega-pedido-para-apreender-passaporte-de-lula\/"},"modified":"2018-01-26T19:22:28","modified_gmt":"2018-01-26T21:22:28","slug":"trf4-nega-pedido-para-apreender-passaporte-de-lula","status":"publish","type":"post","link":"https:\/\/diarioregionaldigital.com.br\/?p=90558","title":{"rendered":"TRF4 nega pedido para apreender passaporte de Lula"},"content":{"rendered":"<p>O desembargador Jo\u00e3o Pedro Gebran Neto, do Tribunal Regional Federal da 4\u00aa Regi\u00e3o (TRF4), em Porto Alegre, negou nessa sexta-feira, 26, pedido feito por tr\u00eas advogados para apreender o passaporte do ex-presidente Luiz In\u00e1cio Lula da Silva e impedi-lo de sair do pais. A decis\u00e3o contrasta com liminar concedida ontem, 25, pela Justi\u00e7a Federal em Bras\u00edlia, que autorizou a reten\u00e7\u00e3o do documento.<\/p>\n<p>Ao analisar o caso, o magistrado entendeu que somente o Minist\u00e9rio P\u00fablico Federal (MPF), a Policia Federal ou outras partes do processo poderiam fazer o pedido.<\/p>\n<p>Gebran tamb\u00e9m considerou o pedido \u201cinusitado\u201d. \u201cNem mesmo sob a \u00f3tica do inusitado pedido para estabelecimento de of\u00edcio da restri\u00e7\u00e3o, ou mesmo da invocada representa\u00e7\u00e3o em nome da sociedade brasileira, n\u00e3o h\u00e1 como dar-lhe tr\u00e2nsito\u201d, disse o desembargador.<\/p>\n<p>Nessa quinta-feira, baseado em um pedido feito pelo Minist\u00e9rio P\u00fablico Federal no Distrito Federal, o juiz federal Ricardo Leite, da 10\u00aa Vara Federal, determinou a reten\u00e7\u00e3o do passaporte do ex-presidente e o proibiu de sair do pa\u00eds.<\/p>\n<p>O juiz entendeu que a viagem que o ex-presidente faria hoje \u00e0 Eti\u00f3pia para participar de um evento da Organiza\u00e7\u00e3o das Na\u00e7\u00f5es Unidas para Agricultura e Alimenta\u00e7\u00e3o (FAO) poderia trazer riscos para investiga\u00e7\u00e3o, como a fuga do pa\u00eds.<\/p>\n<p>Um dos fatores que levaram \u00e0 concess\u00e3o da liminar foi a decis\u00e3o do TRF-4 que, nesta semana, confirmou a condena\u00e7\u00e3o de Lula na a\u00e7\u00e3o penal envolvendo o tr\u00edplex no Guaruj\u00e1 (SP) e aumentou a pena do ex-presidente para 12 anos e um m\u00eas de pris\u00e3o.<\/p>\n<p>Em fun\u00e7\u00e3o da decis\u00e3o, o passaporte do ex-presidente foi entregue por sua defesa nesta manh\u00e3 na Superintend\u00eancia da Pol\u00edcia Federal em S\u00e3o Paulo.<\/p>\n<p>O advogado Cristiano Zanin classificou de indevida a determina\u00e7\u00e3o de entrega do passaporte e informou que tomar\u00e1 as medidas legais cab\u00edveis para reverter a decis\u00e3o. \u201c\u00c9 uma restri\u00e7\u00e3o do direito de ir e vir do ex-presidente Lula, que n\u00e3o se justifica\u201d, disse. \u201cEstamos cumprindo a decis\u00e3o sob protesto, mas acreditamos que ela ser\u00e1 revertida\u201d, disse.<\/p>\n<p>Fonte: Ag\u00eancia Brasil<\/p>\n","protected":false},"excerpt":{"rendered":"<p>O desembargador Jo\u00e3o Pedro Gebran Neto, do Tribunal Regional Federal da 4\u00aa Regi\u00e3o (TRF4), em Porto Alegre, negou nessa sexta-feira, 26, pedido feito por tr\u00eas advogados para apreender o passaporte do ex-presidente Luiz In\u00e1cio Lula da Silva e impedi-lo de sair do pais. A decis\u00e3o contrasta com liminar concedida ontem, 25, pela Justi\u00e7a Federal em [&hellip;]<\/p>\n","protected":false},"author":96,"featured_media":90557,"comment_status":"closed","ping_status":"closed","sticky":false,"template":"","format":"standard","meta":{"footnotes":""},"categories":[254],"tags":[],"class_list":["post-90558","post","type-post","status-publish","format-standard","has-post-thumbnail","hentry","category-politica"],"_links":{"self":[{"href":"https:\/\/diarioregionaldigital.com.br\/index.php?rest_route=\/wp\/v2\/posts\/90558","targetHints":{"allow":["GET"]}}],"collection":[{"href":"https:\/\/diarioregionaldigital.com.br\/index.php?rest_route=\/wp\/v2\/posts"}],"about":[{"href":"https:\/\/diarioregionaldigital.com.br\/index.php?rest_route=\/wp\/v2\/types\/post"}],"author":[{"embeddable":true,"href":"https:\/\/diarioregionaldigital.com.br\/index.php?rest_route=\/wp\/v2\/users\/96"}],"replies":[{"embeddable":true,"href":"https:\/\/diarioregionaldigital.com.br\/index.php?rest_route=%2Fwp%2Fv2%2Fcomments&post=90558"}],"version-history":[{"count":0,"href":"https:\/\/diarioregionaldigital.com.br\/index.php?rest_route=\/wp\/v2\/posts\/90558\/revisions"}],"wp:featuredmedia":[{"embeddable":true,"href":"https:\/\/diarioregionaldigital.com.br\/index.php?rest_route=\/wp\/v2\/media\/90557"}],"wp:attachment":[{"href":"https:\/\/diarioregionaldigital.com.br\/index.php?rest_route=%2Fwp%2Fv2%2Fmedia&parent=90558"}],"wp:term":[{"taxonomy":"category","embeddable":true,"href":"https:\/\/diarioregionaldigital.com.br\/index.php?rest_route=%2Fwp%2Fv2%2Fcategories&post=90558"},{"taxonomy":"post_tag","embeddable":true,"href":"https:\/\/diarioregionaldigital.com.br\/index.php?rest_route=%2Fwp%2Fv2%2Ftags&post=90558"}],"curies":[{"name":"wp","href":"https:\/\/api.w.org\/{rel}","templated":true}]}}