{"id":90556,"date":"2018-01-26T19:14:39","date_gmt":"2018-01-26T21:14:39","guid":{"rendered":"http:\/\/diarioregionaljf.com.br\/2018\/01\/26\/elias-santos-e-o-novo-presidente-da-empresa-mineira-de-comunicacao\/"},"modified":"2018-01-26T19:14:39","modified_gmt":"2018-01-26T21:14:39","slug":"elias-santos-e-o-novo-presidente-da-empresa-mineira-de-comunicacao","status":"publish","type":"post","link":"https:\/\/diarioregionaldigital.com.br\/?p=90556","title":{"rendered":"Elias Santos \u00e9 o novo presidente da Empresa Mineira de Comunica\u00e7\u00e3o"},"content":{"rendered":"<p>A Secretaria de Estado de Cultura informou, em nota enviada \u00e0 imprensa nesta sexta-feira, 26, que a presid\u00eancia da Empresa Mineira de Comunica\u00e7\u00e3o (EMC) passa a ser ocupada pelo jornalista Elias Santos. A EMC engloba as emissoras Rede Minas e R\u00e1dio Inconfid\u00eancia. Santos substituiu <a href=\"geral\/23245-presidente-da-empresa-mineira-de-comunicacao-morre-vitima-de-febre-amarela\" target=\"_blank\" rel=\"noopener noreferrer\">Fl\u00e1vio Henrique Alves de Oliveira, que morreu, v\u00edtima da febre amarela, no \u00faltimo dia 1<\/a>8.<\/p>\n<p>O jornalista tamb\u00e9m assume a presid\u00eancia da R\u00e1dio Inconfid\u00eancia e Luiza Castro se mant\u00e9m como presidente da Rede Minas.<\/p>\n<p>Elias Santos possui ampla atua\u00e7\u00e3o na radiodifus\u00e3o em Minas Gerais, tendo passado por diversas emissoras, entre elas TV Alterosa, R\u00e1dio UFMG Educativa e TV Horizonte. At\u00e9 ent\u00e3o, ocupava o cargo de diretor art\u00edstico da R\u00e1dio Inconfid\u00eancia, al\u00e9m de ser apresentador do programa Casa Aberta, na mesma emissora.<\/p>\n","protected":false},"excerpt":{"rendered":"<p>A Secretaria de Estado de Cultura informou, em nota enviada \u00e0 imprensa nesta sexta-feira, 26, que a presid\u00eancia da Empresa Mineira de Comunica\u00e7\u00e3o (EMC) passa a ser ocupada pelo jornalista Elias Santos. A EMC engloba as emissoras Rede Minas e R\u00e1dio Inconfid\u00eancia. Santos substituiu Fl\u00e1vio Henrique Alves de Oliveira, que morreu, v\u00edtima da febre amarela, [&hellip;]<\/p>\n","protected":false},"author":96,"featured_media":90555,"comment_status":"closed","ping_status":"closed","sticky":false,"template":"","format":"standard","meta":{"footnotes":""},"categories":[252],"tags":[],"class_list":["post-90556","post","type-post","status-publish","format-standard","has-post-thumbnail","hentry","category-regiao"],"_links":{"self":[{"href":"https:\/\/diarioregionaldigital.com.br\/index.php?rest_route=\/wp\/v2\/posts\/90556","targetHints":{"allow":["GET"]}}],"collection":[{"href":"https:\/\/diarioregionaldigital.com.br\/index.php?rest_route=\/wp\/v2\/posts"}],"about":[{"href":"https:\/\/diarioregionaldigital.com.br\/index.php?rest_route=\/wp\/v2\/types\/post"}],"author":[{"embeddable":true,"href":"https:\/\/diarioregionaldigital.com.br\/index.php?rest_route=\/wp\/v2\/users\/96"}],"replies":[{"embeddable":true,"href":"https:\/\/diarioregionaldigital.com.br\/index.php?rest_route=%2Fwp%2Fv2%2Fcomments&post=90556"}],"version-history":[{"count":0,"href":"https:\/\/diarioregionaldigital.com.br\/index.php?rest_route=\/wp\/v2\/posts\/90556\/revisions"}],"wp:featuredmedia":[{"embeddable":true,"href":"https:\/\/diarioregionaldigital.com.br\/index.php?rest_route=\/wp\/v2\/media\/90555"}],"wp:attachment":[{"href":"https:\/\/diarioregionaldigital.com.br\/index.php?rest_route=%2Fwp%2Fv2%2Fmedia&parent=90556"}],"wp:term":[{"taxonomy":"category","embeddable":true,"href":"https:\/\/diarioregionaldigital.com.br\/index.php?rest_route=%2Fwp%2Fv2%2Fcategories&post=90556"},{"taxonomy":"post_tag","embeddable":true,"href":"https:\/\/diarioregionaldigital.com.br\/index.php?rest_route=%2Fwp%2Fv2%2Ftags&post=90556"}],"curies":[{"name":"wp","href":"https:\/\/api.w.org\/{rel}","templated":true}]}}