{"id":90554,"date":"2018-01-26T18:56:28","date_gmt":"2018-01-26T20:56:28","guid":{"rendered":"http:\/\/diarioregionaljf.com.br\/2018\/01\/26\/crimes-contra-o-patrimonio-registram-queda-em-minas\/"},"modified":"2018-01-26T18:56:28","modified_gmt":"2018-01-26T20:56:28","slug":"crimes-contra-o-patrimonio-registram-queda-em-minas","status":"publish","type":"post","link":"https:\/\/diarioregionaldigital.com.br\/?p=90554","title":{"rendered":"Crimes contra o patrim\u00f4nio registram queda em Minas"},"content":{"rendered":"<p>Os crimes com motiva\u00e7\u00e3o voltada para usurpa\u00e7\u00e3o do patrim\u00f4nio est\u00e3o em queda em Minas Gerais, segundo balan\u00e7o da <a href=\"http:\/\/www.seds.mg.gov.br\/\" target=\"_blank\" rel=\"noopener noreferrer\">Secretaria de Estado de Seguran\u00e7a P\u00fablica (Sesp)<\/a> divulgado nesta quinta-feira, 25, no <a href=\"http:\/\/www.numeros.mg.gov.br\/QvAJAXZfc\/opendoc.htm?document=MapaResultados.qvw&amp;host=QVS%40vm13532&amp;anonymous=true\" target=\"_blank\" rel=\"noopener noreferrer\">Portal Minas em N\u00fameros<\/a>.<\/p>\n<p>Os roubos t\u00eam a s\u00e9tima redu\u00e7\u00e3o mensal seguida e a maior varia\u00e7\u00e3o de diminui\u00e7\u00e3o dos \u00faltimos seis anos no Estado: -13,1%, com as ocorr\u00eancias caindo de 120.224 para 104.434 no per\u00edodo comparativo de janeiro a novembro de 2016 com 2017.<\/p>\n<p>A pr\u00e1tica de extors\u00e3o est\u00e1 entre os destaques dos crimes contra o patrim\u00f4nio pela grande redu\u00e7\u00e3o percentual, que alcan\u00e7a os 35,7%: os casos ca\u00edram de 1.656 para 1.065 no per\u00edodo. Furto e extors\u00e3o mediante sequestro tamb\u00e9m diminuem, 3,7% e 33,7% respectivamente em todo o Estado.<\/p>\n<p>Os dados de Minas, da capital e dos demais 852 munic\u00edpios do estado est\u00e3o no Portal Minas em N\u00fameros e tamb\u00e9m no site da Secretaria de Seguran\u00e7a, por meio dos links Integra\u00e7\u00e3o&gt;Estat\u00edsticas&gt; Estat\u00edsticas Criminais.<\/p>\n<p>O resultado completo e final do ano de 2017 deve ser divulgado pela Sesp em mar\u00e7o, como tem acontecido nos \u00faltimos anos. Al\u00e9m de os registros passarem por processos de auditagem, o prazo \u00e9 necess\u00e1rio em raz\u00e3o da finaliza\u00e7\u00e3o de inqu\u00e9ritos pela Pol\u00edcia Civil, para o caso de homic\u00eddios em Belo Horizonte, cujos dados s\u00e3o adicionados \u00e0s ocorr\u00eancias registradas pela PM, PC e Corpo de Bombeiros, para resultado final deste tipo de crime.<\/p>\n<p>Na avalia\u00e7\u00e3o do secret\u00e1rio de Seguran\u00e7a P\u00fablica, S\u00e9rgio Barboza Menezes, os bons resultados obtidos at\u00e9 novembro de 2017 retratam o trabalho de integra\u00e7\u00e3o das for\u00e7as de seguran\u00e7a e o apoio incondicional do Governo, que tem tratado seguran\u00e7a como prioridade.<\/p>\n<p>Para ele, a interlocu\u00e7\u00e3o adotada do sistema de seguran\u00e7a mineiro com outros atores, como o Minist\u00e9rio P\u00fablico, Tribunal de Justi\u00e7a, pol\u00edcias Federal e Rodovi\u00e1ria Federal, institui\u00e7\u00f5es de pesquisa, entre outras, tamb\u00e9m tem dado for\u00e7a e efici\u00eancia aos trabalhos voltados para a redu\u00e7\u00e3o da criminalidade.<\/p>\n<p>\u201cH\u00e1 a\u00e7\u00f5es de gest\u00e3o importantes em andamento, que exemplificam essa integra\u00e7\u00e3o, como Grupo de Interven\u00e7\u00e3o Estrat\u00e9gica de Enfrentamento (GIE-R) de Roubos e de Homic\u00eddios, que re\u00fanem v\u00e1rias institui\u00e7\u00f5es na repress\u00e3o qualificada, compartilhamento de informa\u00e7\u00f5es e alvos e planejamento integra\u00e7\u00e3o de opera\u00e7\u00f5es\u201d.<\/p>\n<p>&nbsp;<\/p>\n<h4>INTERIOR<\/h4>\n<p>Na avalia\u00e7\u00e3o dos roubos no interior, dados do Observat\u00f3rio de Seguran\u00e7a Cidad\u00e3 da Sesp mostram que, 56,9% dos munic\u00edpios n\u00e3o tiveram registro deste tipo de crime ou mantiveram ou reduziram seus \u00edndices.<\/p>\n<p>Entre as 16 cidades com monitoramento da Secretaria de Seguran\u00e7a P\u00fablica, via Observat\u00f3rio de Seguran\u00e7a P\u00fablica Cidad\u00e3, 12 apresentaram quedas significativas nesta modalidade de crime, com destaque para Sete Lagoas, Divin\u00f3polis, Juiz de Fora e Montes Claros (ver quadro). Para consulta, vale lembrar que todas as cidades mineiras possuem dados dispon\u00edveis no Portal da Sesp.<\/p>\n<p>Para o comandante geral da Pol\u00edcia Militar, Cel. Helbert Figueir\u00f3 de Lourdes, os dados ratificam uma interrup\u00e7\u00e3o hist\u00f3rica do crescimento criminal em Minas, que vinha em ascens\u00e3o nos \u00faltimos seis anos. \u201cOs resultados positivos s\u00e3o consequ\u00eancia da ado\u00e7\u00e3o de diversas estrat\u00e9gias, focadas na preven\u00e7\u00e3o e repress\u00e3o criminal, aliadas tamb\u00e9m a medidas internas de reestrutura\u00e7\u00e3o da corpora\u00e7\u00e3o\u201d.<\/p>\n<p>J\u00e1 o superintendente de Investiga\u00e7\u00e3o e Pol\u00edcia Judici\u00e1ria da Pol\u00edcia Civil, Delegado-Geral Carlos Capistrano, destaca que essa redu\u00e7\u00e3o \u00e9 o resultado de um trabalho integrado entre a institui\u00e7\u00e3o e as demais for\u00e7as de seguran\u00e7a. \u201cA Pol\u00edcia Civil est\u00e1 intensificando suas a\u00e7\u00f5es, investindo principalmente no trabalho de intelig\u00eancia para reduzir os crimes patrimoniais e garantir a seguran\u00e7a da nossa popula\u00e7\u00e3o\u201d.<\/p>\n<p>&nbsp;<\/p>\n<p><img loading=\"lazy\" decoding=\"async\" class=\" size-full wp-image-90553\" src=\"http:\/\/diarioregionaljf.com.br\/wp-content\/uploads\/2018\/01\/diario-int-23543-1.jpg\" alt=\"dadoscrimespatrimonio.jpg\" width=\"506\" height=\"354\" srcset=\"https:\/\/diarioregionaldigital.com.br\/wp-content\/uploads\/2018\/01\/diario-int-23543-1.jpg 629w, https:\/\/diarioregionaldigital.com.br\/wp-content\/uploads\/2018\/01\/diario-int-23543-1-300x210.jpg 300w, https:\/\/diarioregionaldigital.com.br\/wp-content\/uploads\/2018\/01\/diario-int-23543-1-360x252.jpg 360w, https:\/\/diarioregionaldigital.com.br\/wp-content\/uploads\/2018\/01\/diario-int-23543-1-100x70.jpg 100w\" sizes=\"auto, (max-width: 506px) 100vw, 506px\" \/><\/p>\n<p>&nbsp;<\/p>\n<h4>+ SEGURAN\u00c7A<\/h4>\n<p>A melhoria das estat\u00edsticas de seguran\u00e7a \u00e9 resultado dos investimentos e prioriza\u00e7\u00e3o, nos \u00faltimos meses, das a\u00e7\u00f5es de seguran\u00e7a p\u00fablica pelo Governo de Minas. O programa + Seguran\u00e7a, al\u00e9m do incremento de pessoal, tamb\u00e9m colocou \u00e0 disposi\u00e7\u00e3o das pol\u00edcias Militar e Civil 2.008 viaturas. Somente neste primeiro m\u00eas de 2018 foram entregues 140 ve\u00edculos para a Pol\u00edcia Militar e 51 para a Pol\u00edcia Civil.<\/p>\n<p>S\u00e3o mais de 2.800 novos policiais militares nas ruas nos \u00faltimos meses para atendimento ao cidad\u00e3o, e mais mil novos investigadores da Pol\u00edcia Civil em atua\u00e7\u00e3o. Em dezembro, o Governo autorizou a nomea\u00e7\u00e3o de 450 novos investigadores de Pol\u00edcia, excedentes do \u00faltimo concurso.<\/p>\n<p>Em setembro passado, outros 106 profissionais, tamb\u00e9m excedentes, j\u00e1 tinham sido chamados. Eles participam de forma\u00e7\u00e3o policial na Academia de Pol\u00edcia Civil (Acadepol), com previs\u00e3o de formatura em mar\u00e7o deste ano.<\/p>\n<p>&nbsp;<\/p>\n<p>Fonte: Ag\u00eancia Minas<\/p>\n","protected":false},"excerpt":{"rendered":"<p>Os crimes com motiva\u00e7\u00e3o voltada para usurpa\u00e7\u00e3o do patrim\u00f4nio est\u00e3o em queda em Minas Gerais, segundo balan\u00e7o da Secretaria de Estado de Seguran\u00e7a P\u00fablica (Sesp) divulgado nesta quinta-feira, 25, no Portal Minas em N\u00fameros. Os roubos t\u00eam a s\u00e9tima redu\u00e7\u00e3o mensal seguida e a maior varia\u00e7\u00e3o de diminui\u00e7\u00e3o dos \u00faltimos seis anos no Estado: -13,1%, [&hellip;]<\/p>\n","protected":false},"author":96,"featured_media":90552,"comment_status":"closed","ping_status":"closed","sticky":false,"template":"","format":"standard","meta":{"footnotes":""},"categories":[252],"tags":[],"class_list":["post-90554","post","type-post","status-publish","format-standard","has-post-thumbnail","hentry","category-regiao"],"_links":{"self":[{"href":"https:\/\/diarioregionaldigital.com.br\/index.php?rest_route=\/wp\/v2\/posts\/90554","targetHints":{"allow":["GET"]}}],"collection":[{"href":"https:\/\/diarioregionaldigital.com.br\/index.php?rest_route=\/wp\/v2\/posts"}],"about":[{"href":"https:\/\/diarioregionaldigital.com.br\/index.php?rest_route=\/wp\/v2\/types\/post"}],"author":[{"embeddable":true,"href":"https:\/\/diarioregionaldigital.com.br\/index.php?rest_route=\/wp\/v2\/users\/96"}],"replies":[{"embeddable":true,"href":"https:\/\/diarioregionaldigital.com.br\/index.php?rest_route=%2Fwp%2Fv2%2Fcomments&post=90554"}],"version-history":[{"count":0,"href":"https:\/\/diarioregionaldigital.com.br\/index.php?rest_route=\/wp\/v2\/posts\/90554\/revisions"}],"wp:featuredmedia":[{"embeddable":true,"href":"https:\/\/diarioregionaldigital.com.br\/index.php?rest_route=\/wp\/v2\/media\/90552"}],"wp:attachment":[{"href":"https:\/\/diarioregionaldigital.com.br\/index.php?rest_route=%2Fwp%2Fv2%2Fmedia&parent=90554"}],"wp:term":[{"taxonomy":"category","embeddable":true,"href":"https:\/\/diarioregionaldigital.com.br\/index.php?rest_route=%2Fwp%2Fv2%2Fcategories&post=90554"},{"taxonomy":"post_tag","embeddable":true,"href":"https:\/\/diarioregionaldigital.com.br\/index.php?rest_route=%2Fwp%2Fv2%2Ftags&post=90554"}],"curies":[{"name":"wp","href":"https:\/\/api.w.org\/{rel}","templated":true}]}}