{"id":90551,"date":"2018-01-26T18:43:43","date_gmt":"2018-01-26T20:43:43","guid":{"rendered":"http:\/\/diarioregionaljf.com.br\/2018\/01\/26\/pjf-divulga-selecionados-no-programa-de-fomento-a-projetos-turisticos-2018\/"},"modified":"2018-01-26T18:43:43","modified_gmt":"2018-01-26T20:43:43","slug":"pjf-divulga-selecionados-no-programa-de-fomento-a-projetos-turisticos-2018","status":"publish","type":"post","link":"https:\/\/diarioregionaldigital.com.br\/?p=90551","title":{"rendered":"PJF divulga selecionados no \u201cPrograma de Fomento a Projetos Tur\u00edsticos 2018\u201d"},"content":{"rendered":"<p>A Prefeitura de Juiz de Fora (PJF) divulgou, nesta sexta-feira, 26, a rela\u00e7\u00e3o das iniciativas selecionadas no &#8220;Programa de Fomento a Projetos Tur\u00edsticos 2018&#8221;. Seis proponentes se habilitaram e ser\u00e3o contemplados pelo edital, sendo quatro para ajuda financeira e dois para apoio institucional.<\/p>\n<p>Uma das representantes da comiss\u00e3o, indicada pelo Conselho Municipal de Turismo de Juiz de Fora (Comtur JF) para sele\u00e7\u00e3o dos projetos, a professora do curso de Turismo da Universidade Federal de Juiz de Fora, Alice Arcuri, explica que os crit\u00e9rios para a sele\u00e7\u00e3o dos projetos foram estabelecidos pelo edital, tendo em vista o fortalecimento de Juiz de Fora como destino tur\u00edstico, potencial de atratividade, inova\u00e7\u00e3o, indicadores, acessibilidade, sustentabilidade, igualdade e prote\u00e7\u00e3o, regionaliza\u00e7\u00e3o e exequibilidade.<\/p>\n<p>Neste ano, o recurso, de R$50 mil, ser\u00e1 destinado a projetos institucionais e negociais, realizados entre 1\u00ba de junho e 31 de dezembro.<\/p>\n<p>Confira os projetos contemplados:<\/p>\n<p>&#8211; 17\u00ba Encontro AVA JF de Ve\u00edculos Antigos;<\/p>\n<p>&#8211; Mapa Tur\u00edstico;<\/p>\n<p>&#8211; Cozinha Urbana;<\/p>\n<p>&#8211; 10\u00aa Feira de Neg\u00f3cios da Abrasel ZM;<\/p>\n<p>&#8211; Guia Abrasel ZM 2018 \/ 2019; e<\/p>\n<p>&#8211; 18\u00ba JF Sabor.<\/p>\n<p>O presidente da Associa\u00e7\u00e3o de Ve\u00edculos Antigos de Juiz de Fora (AVA JF), Jorge Levy, conhecido como &#8220;Jorge Borboleta&#8221;, que teve o Encontro AVA JF de Ve\u00edculos Antigos contemplado pela quarta vez pelo Programa, comenta sobre a import\u00e2ncia do edital. \u201cNo atual cen\u00e1rio do pa\u00eds, est\u00e1 mais dif\u00edcil conseguir os patroc\u00ednios necess\u00e1rios. Ent\u00e3o, a ajuda financeira e o apoio da Prefeitura s\u00e3o indispens\u00e1veis para realizar o evento\u201d, destacou.<\/p>\n<p>Jorge ressalta que \u201cno evento, temos em torno de 650 a 700 ve\u00edculos em cada edi\u00e7\u00e3o. No ano passado, contamos com 84 expositores de cidades de v\u00e1rios estados, como Minas Gerais, Goi\u00e1s, Rio de Janeiro, S\u00e3o Paulo, Esp\u00edrito Santo. Al\u00e9m dos expositores, temos visitantes de todo o pa\u00eds que v\u00eam para conhecer os ve\u00edculos\u201d.<\/p>\n<p>Para a gerente do Departamento de Incentivo ao Turismo (Ditur), Tatyana Herdy Hill, \u201ca relev\u00e2ncia do edital vai al\u00e9m da movimenta\u00e7\u00e3o econ\u00f4mica. Quando incentivamos e incrementamos projetos e eventos de turismo, estes promovem a cidade, enaltecendo nossa riqueza hist\u00f3rica e cultural. Com esta a\u00e7\u00e3o, a Prefeitura visa \u00e0 valoriza\u00e7\u00e3o do setor e, como consequ\u00eancia, a promo\u00e7\u00e3o da nossa cidade atrav\u00e9s de projetos bem-executados, com padr\u00e3o de excel\u00eancia e qualidade\u201d.<\/p>\n<p>&nbsp;<\/p>\n<p>Fonte: Assessoria<\/p>\n","protected":false},"excerpt":{"rendered":"<p>A Prefeitura de Juiz de Fora (PJF) divulgou, nesta sexta-feira, 26, a rela\u00e7\u00e3o das iniciativas selecionadas no &#8220;Programa de Fomento a Projetos Tur\u00edsticos 2018&#8221;. Seis proponentes se habilitaram e ser\u00e3o contemplados pelo edital, sendo quatro para ajuda financeira e dois para apoio institucional. Uma das representantes da comiss\u00e3o, indicada pelo Conselho Municipal de Turismo de [&hellip;]<\/p>\n","protected":false},"author":96,"featured_media":90550,"comment_status":"closed","ping_status":"closed","sticky":false,"template":"","format":"standard","meta":{"footnotes":""},"categories":[253],"tags":[],"class_list":["post-90551","post","type-post","status-publish","format-standard","has-post-thumbnail","hentry","category-cidade"],"_links":{"self":[{"href":"https:\/\/diarioregionaldigital.com.br\/index.php?rest_route=\/wp\/v2\/posts\/90551","targetHints":{"allow":["GET"]}}],"collection":[{"href":"https:\/\/diarioregionaldigital.com.br\/index.php?rest_route=\/wp\/v2\/posts"}],"about":[{"href":"https:\/\/diarioregionaldigital.com.br\/index.php?rest_route=\/wp\/v2\/types\/post"}],"author":[{"embeddable":true,"href":"https:\/\/diarioregionaldigital.com.br\/index.php?rest_route=\/wp\/v2\/users\/96"}],"replies":[{"embeddable":true,"href":"https:\/\/diarioregionaldigital.com.br\/index.php?rest_route=%2Fwp%2Fv2%2Fcomments&post=90551"}],"version-history":[{"count":0,"href":"https:\/\/diarioregionaldigital.com.br\/index.php?rest_route=\/wp\/v2\/posts\/90551\/revisions"}],"wp:featuredmedia":[{"embeddable":true,"href":"https:\/\/diarioregionaldigital.com.br\/index.php?rest_route=\/wp\/v2\/media\/90550"}],"wp:attachment":[{"href":"https:\/\/diarioregionaldigital.com.br\/index.php?rest_route=%2Fwp%2Fv2%2Fmedia&parent=90551"}],"wp:term":[{"taxonomy":"category","embeddable":true,"href":"https:\/\/diarioregionaldigital.com.br\/index.php?rest_route=%2Fwp%2Fv2%2Fcategories&post=90551"},{"taxonomy":"post_tag","embeddable":true,"href":"https:\/\/diarioregionaldigital.com.br\/index.php?rest_route=%2Fwp%2Fv2%2Ftags&post=90551"}],"curies":[{"name":"wp","href":"https:\/\/api.w.org\/{rel}","templated":true}]}}