{"id":90549,"date":"2018-01-26T18:32:22","date_gmt":"2018-01-26T20:32:22","guid":{"rendered":"http:\/\/diarioregionaljf.com.br\/2018\/01\/26\/settra-realiza-intervencoes-no-transito-da-cidade-para-os-desfiles-dos-blocos\/"},"modified":"2018-01-26T18:32:22","modified_gmt":"2018-01-26T20:32:22","slug":"settra-realiza-intervencoes-no-transito-da-cidade-para-os-desfiles-dos-blocos","status":"publish","type":"post","link":"https:\/\/diarioregionaldigital.com.br\/?p=90549","title":{"rendered":"Settra realiza interven\u00e7\u00f5es no tr\u00e2nsito da cidade para os desfiles dos blocos"},"content":{"rendered":"<p>Nesta sexta, 26, come\u00e7a o \u201cCarnaval 2018\u201d de Juiz de Fora. Para garantir que os blocos saiam com seguran\u00e7a e a integridade dos foli\u00f5es, a Secretaria de Transporte e Tr\u00e2nsito (Settra) far\u00e1 interven\u00e7\u00f5es no tr\u00e2nsito da cidade durante a programa\u00e7\u00e3o oficial. O acesso dos moradores \u00e0s \u00e1reas interditadas ser\u00e1 garantido. As ruas que fazem parte do trajeto dos desfiles ser\u00e3o interditadas para passagem dos blocos e liberadas a medida em que eles avan\u00e7arem. Para quem for pular e se divertir com os blocos, a Settra aconselha a utiliza\u00e7\u00e3o do transporte p\u00fablico.<\/p>\n<p>Todas as altera\u00e7\u00f5es podem ser conferidas <a href=\"https:\/\/www.pjf.mg.gov.br\/noticias\/anexo\/transito.pdf\" target=\"_blank\" rel=\"noopener noreferrer\">aqui<\/a>.<\/p>\n<p>&nbsp;<\/p>\n<h4>BEM COMUM<\/h4>\n<p>Excepcionalmente neste domingo, 28, n\u00e3o haver\u00e1 o Bem Comum Lazer na Avenida Rio Branco.<\/p>\n<p>&nbsp;<\/p>\n<p>Fonte: Assessoria<\/p>\n","protected":false},"excerpt":{"rendered":"<p>Nesta sexta, 26, come\u00e7a o \u201cCarnaval 2018\u201d de Juiz de Fora. Para garantir que os blocos saiam com seguran\u00e7a e a integridade dos foli\u00f5es, a Secretaria de Transporte e Tr\u00e2nsito (Settra) far\u00e1 interven\u00e7\u00f5es no tr\u00e2nsito da cidade durante a programa\u00e7\u00e3o oficial. O acesso dos moradores \u00e0s \u00e1reas interditadas ser\u00e1 garantido. As ruas que fazem parte [&hellip;]<\/p>\n","protected":false},"author":96,"featured_media":90548,"comment_status":"closed","ping_status":"closed","sticky":false,"template":"","format":"standard","meta":{"footnotes":""},"categories":[253],"tags":[],"class_list":["post-90549","post","type-post","status-publish","format-standard","has-post-thumbnail","hentry","category-cidade"],"_links":{"self":[{"href":"https:\/\/diarioregionaldigital.com.br\/index.php?rest_route=\/wp\/v2\/posts\/90549","targetHints":{"allow":["GET"]}}],"collection":[{"href":"https:\/\/diarioregionaldigital.com.br\/index.php?rest_route=\/wp\/v2\/posts"}],"about":[{"href":"https:\/\/diarioregionaldigital.com.br\/index.php?rest_route=\/wp\/v2\/types\/post"}],"author":[{"embeddable":true,"href":"https:\/\/diarioregionaldigital.com.br\/index.php?rest_route=\/wp\/v2\/users\/96"}],"replies":[{"embeddable":true,"href":"https:\/\/diarioregionaldigital.com.br\/index.php?rest_route=%2Fwp%2Fv2%2Fcomments&post=90549"}],"version-history":[{"count":0,"href":"https:\/\/diarioregionaldigital.com.br\/index.php?rest_route=\/wp\/v2\/posts\/90549\/revisions"}],"wp:featuredmedia":[{"embeddable":true,"href":"https:\/\/diarioregionaldigital.com.br\/index.php?rest_route=\/wp\/v2\/media\/90548"}],"wp:attachment":[{"href":"https:\/\/diarioregionaldigital.com.br\/index.php?rest_route=%2Fwp%2Fv2%2Fmedia&parent=90549"}],"wp:term":[{"taxonomy":"category","embeddable":true,"href":"https:\/\/diarioregionaldigital.com.br\/index.php?rest_route=%2Fwp%2Fv2%2Fcategories&post=90549"},{"taxonomy":"post_tag","embeddable":true,"href":"https:\/\/diarioregionaldigital.com.br\/index.php?rest_route=%2Fwp%2Fv2%2Ftags&post=90549"}],"curies":[{"name":"wp","href":"https:\/\/api.w.org\/{rel}","templated":true}]}}