{"id":90544,"date":"2018-01-26T17:55:53","date_gmt":"2018-01-26T19:55:53","guid":{"rendered":"http:\/\/diarioregionaljf.com.br\/2018\/01\/26\/projeto-de-vida-a-unica-coisa-constante-e-a-mudanca\/"},"modified":"2018-01-26T17:55:53","modified_gmt":"2018-01-26T19:55:53","slug":"projeto-de-vida-a-unica-coisa-constante-e-a-mudanca","status":"publish","type":"post","link":"https:\/\/diarioregionaldigital.com.br\/?p=90544","title":{"rendered":"Projeto de vida &#8211; \u201cA \u00fanica coisa constante \u00e9 a mudan\u00e7a\u201d"},"content":{"rendered":"<p><img loading=\"lazy\" decoding=\"async\" class=\" size-full wp-image-90542\" src=\"http:\/\/diarioregionaljf.com.br\/wp-content\/uploads\/2018\/01\/diario-int-23539-1.jpg\" alt=\"imagem ilustrativa.jpg\" width=\"399\" height=\"155\" style=\"display: block; margin-left: auto; margin-right: auto;\" srcset=\"https:\/\/diarioregionaldigital.com.br\/wp-content\/uploads\/2018\/01\/diario-int-23539-1.jpg 1158w, https:\/\/diarioregionaldigital.com.br\/wp-content\/uploads\/2018\/01\/diario-int-23539-1-300x117.jpg 300w, https:\/\/diarioregionaldigital.com.br\/wp-content\/uploads\/2018\/01\/diario-int-23539-1-768x298.jpg 768w, https:\/\/diarioregionaldigital.com.br\/wp-content\/uploads\/2018\/01\/diario-int-23539-1-1024x398.jpg 1024w, https:\/\/diarioregionaldigital.com.br\/wp-content\/uploads\/2018\/01\/diario-int-23539-1-360x140.jpg 360w\" sizes=\"auto, (max-width: 399px) 100vw, 399px\" \/><\/p>\n<p>&nbsp;<\/p>\n<p>S\u00e3o os nossos sonhos e suas sucessivas tentativas de realiz\u00e1-los que v\u00e3o dando rumo as nossas vidas. A interliga\u00e7\u00e3o desses planos \u00e9 que faz um projeto de vida ser ou n\u00e3o bem sucedido.<\/p>\n<p>N\u00e3o temos condi\u00e7\u00f5es de tra\u00e7ar de maneira r\u00edgida ou em tempo suficiente tudo aquilo que temos vontade. A vida tem muitas vari\u00e1veis e todas elas est\u00e3o ligadas a projetos de outras pessoas tamb\u00e9m. Todos n\u00f3s tra\u00e7amos projetos e criamos um foco ou diretriz que podem ou n\u00e3o dar certo. Dessa forma abrimos m\u00e3o de todos os outros \u201cfuturos\u201d que estariam ligados ao raio de a\u00e7\u00e3o dessas op\u00e7\u00f5es \u201cconcretizadas\u201d ou \u201cn\u00e3o concretizadas\u201d. Al\u00e9m de saber que o \u201cresultado\u201d de algu\u00e9m estranho tamb\u00e9m pode interferir nesses planos. Isso nos obriga a realinhar tudo, criando um novo rol de possibilidades, ou seja, um novo \u201cfuturo\u201d. N\u00e3o podemos esquecer que a rec\u00edproca \u00e9 mais que verdadeira, porque quando um projeto nosso acontece pode alterar as diretrizes de um projeto de uma outra pessoa qualquer. Por exemplo, se um projeto nosso n\u00e3o se realiza, pode criar oportunidades do sucesso alheio ou vice versa.<\/p>\n<p>A administradora Fran Christy (que escreve sobre desenvolvimento pessoal, produtividade, estrat\u00e9gias de vida e que vive em Seattle nos EUA) afirma que \u201cnada adianta planejar cada a\u00e7\u00e3o se n\u00e3o houver direcionamento, pois os resultados ser\u00e3o aleat\u00f3rios dentro do contexto geral da vida. Quando se tem um projeto de vida, cada planejamento, por mais espec\u00edfico que seja, est\u00e1 relacionado \u00e0s metas principais e gerais, definidas nesse projeto\u201d.<\/p>\n<p>A sugest\u00e3o que trago aqui \u00e9 a seguinte: n\u00e3o podemos perder tempo reclamando ou glorificando um resultado qualquer. Precisamos, a cada momento, a cada novo passo, a cada novo resultado ir realinhando todas as nossas percep\u00e7\u00f5es, a\u00e7\u00f5es e, esse processo, dever ser repetido continuamente. N\u00e3o podemos \u201cperder tempo\u201d e nunca permitir qualquer tipo de estagna\u00e7\u00e3o.<\/p>\n<p>Podemos citar o pensamento do pr\u00e9-socr\u00e1tico Her\u00e1clito (540 a.C a 470 a.C) come\u00e7ando com uma cita\u00e7\u00e3o retirada do livro \u201cConvite a filosofia\u201d, de Marilena Chau\u00ed: \u201cO mundo, para Her\u00e1clito, \u00e9 um fluxo perp\u00e9tuo onde nada permanece id\u00eantico a si mesmo, mas tudo se transforma no seu contr\u00e1rio. A luta \u00e9 a harmonia dos contr\u00e1rios, respons\u00e1vel pela ordem racional do universo. A nossa experi\u00eancia sensorial percebe o mundo como se tudo fosse est\u00e1vel e permanente, mas o pensamento sabe que nada permanece\u201d. Para Her\u00e1clito, tudo se torna contr\u00e1rio de si mesmo. O logos \u00e9 a mudan\u00e7a e a contradi\u00e7\u00e3o. \u201cA \u00fanica coisa constante \u00e9 a mudan\u00e7a\u201d.<\/p>\n<p>Fran Christy cita tamb\u00e9m que colocar um projeto de vida em pr\u00e1tica exige coragem e determina\u00e7\u00e3o. N\u00e3o \u00e9 f\u00e1cil quebrar a in\u00e9rcia e dizer \u201cn\u00e3o\u201d a certas obriga\u00e7\u00f5es para dar in\u00edcio a novos planos que talvez ningu\u00e9m mais acredite al\u00e9m de voc\u00ea. Ela sugere que todos estamos submetidos \u00e0s mesmas condi\u00e7\u00f5es e comenta que se algu\u00e9m conseguiu colocar em pr\u00e1tica e ser bem sucedido em metas que a maioria de n\u00f3s jamais pensaria em realizar devido aos riscos, complexidade, detalhamento e ousadia, n\u00f3s tamb\u00e9m podemos planejar e executar nossos planos infinitamente mais simples e menos arriscados!<\/p>\n<p>Enfim, precisamos tra\u00e7ar planos, avaliar os resultados, realinhar constantemente nossa trajet\u00f3ria&#8230; Assim, construiremos um projeto de vida coerente e poss\u00edvel de realizar. Bem, se queremos mudar o mundo, precisamos, antes disso, mudar a n\u00f3s mesmos, nos reinventar, repensar constantemente tudo aquilo que fazemos.<\/p>\n<p>&nbsp;<\/p>\n<p><strong>Professor Leonardo Barreto Vargas &#8211; Psic\u00f3logo, P\u00f3s Gradua\u00e7\u00e3o em Psicopedagogia institucional<\/strong><\/p>\n<p><img loading=\"lazy\" decoding=\"async\" class=\" size-full wp-image-90543\" src=\"http:\/\/diarioregionaljf.com.br\/wp-content\/uploads\/2018\/01\/diario-int-23539-2.jpeg\" alt=\"Leonardo Barreto - C\u00f3pia.jpeg\" width=\"178\" height=\"274\" srcset=\"https:\/\/diarioregionaldigital.com.br\/wp-content\/uploads\/2018\/01\/diario-int-23539-2.jpeg 292w, https:\/\/diarioregionaldigital.com.br\/wp-content\/uploads\/2018\/01\/diario-int-23539-2-195x300.jpeg 195w\" sizes=\"auto, (max-width: 178px) 100vw, 178px\" \/><\/p>\n","protected":false},"excerpt":{"rendered":"<p>&nbsp; S\u00e3o os nossos sonhos e suas sucessivas tentativas de realiz\u00e1-los que v\u00e3o dando rumo as nossas vidas. A interliga\u00e7\u00e3o desses planos \u00e9 que faz um projeto de vida ser ou n\u00e3o bem sucedido. N\u00e3o temos condi\u00e7\u00f5es de tra\u00e7ar de maneira r\u00edgida ou em tempo suficiente tudo aquilo que temos vontade. A vida tem muitas [&hellip;]<\/p>\n","protected":false},"author":96,"featured_media":90541,"comment_status":"closed","ping_status":"closed","sticky":false,"template":"","format":"standard","meta":{"footnotes":""},"categories":[291],"tags":[],"class_list":["post-90544","post","type-post","status-publish","format-standard","has-post-thumbnail","hentry","category-versoes-artigos-de-opiniao"],"_links":{"self":[{"href":"https:\/\/diarioregionaldigital.com.br\/index.php?rest_route=\/wp\/v2\/posts\/90544","targetHints":{"allow":["GET"]}}],"collection":[{"href":"https:\/\/diarioregionaldigital.com.br\/index.php?rest_route=\/wp\/v2\/posts"}],"about":[{"href":"https:\/\/diarioregionaldigital.com.br\/index.php?rest_route=\/wp\/v2\/types\/post"}],"author":[{"embeddable":true,"href":"https:\/\/diarioregionaldigital.com.br\/index.php?rest_route=\/wp\/v2\/users\/96"}],"replies":[{"embeddable":true,"href":"https:\/\/diarioregionaldigital.com.br\/index.php?rest_route=%2Fwp%2Fv2%2Fcomments&post=90544"}],"version-history":[{"count":0,"href":"https:\/\/diarioregionaldigital.com.br\/index.php?rest_route=\/wp\/v2\/posts\/90544\/revisions"}],"wp:featuredmedia":[{"embeddable":true,"href":"https:\/\/diarioregionaldigital.com.br\/index.php?rest_route=\/wp\/v2\/media\/90541"}],"wp:attachment":[{"href":"https:\/\/diarioregionaldigital.com.br\/index.php?rest_route=%2Fwp%2Fv2%2Fmedia&parent=90544"}],"wp:term":[{"taxonomy":"category","embeddable":true,"href":"https:\/\/diarioregionaldigital.com.br\/index.php?rest_route=%2Fwp%2Fv2%2Fcategories&post=90544"},{"taxonomy":"post_tag","embeddable":true,"href":"https:\/\/diarioregionaldigital.com.br\/index.php?rest_route=%2Fwp%2Fv2%2Ftags&post=90544"}],"curies":[{"name":"wp","href":"https:\/\/api.w.org\/{rel}","templated":true}]}}