{"id":90540,"date":"2018-01-26T17:39:19","date_gmt":"2018-01-26T19:39:19","guid":{"rendered":"http:\/\/diarioregionaljf.com.br\/2018\/01\/26\/cilck-in-moda-28-de-janeiro-2018\/"},"modified":"2018-01-26T17:39:19","modified_gmt":"2018-01-26T19:39:19","slug":"cilck-in-moda-28-de-janeiro-2018","status":"publish","type":"post","link":"https:\/\/diarioregionaldigital.com.br\/?p=90540","title":{"rendered":"Click In Moda"},"content":{"rendered":"<p style=\"text-align: center;\"><strong>\u00c9 o bloco das Misses! Jhonny Pio clicou as Misses Juiz de Fora, sob coordena\u00e7\u00e3o de Diley Almeida. As bel\u00edssimas Julia Horta, Larissa Chehuen, Lorena Rodrigues e Isabela Stumpf s\u00e3o nota 10 em todos os quesitos! Beleza Igor Boscato.<\/strong><\/p>\n<p>&nbsp;<\/p>\n<p style=\"text-align: center;\">\n","protected":false},"excerpt":{"rendered":"<p>\u00c9 o bloco das Misses! Jhonny Pio clicou as Misses Juiz de Fora, sob coordena\u00e7\u00e3o de Diley Almeida. As bel\u00edssimas Julia Horta, Larissa Chehuen, Lorena Rodrigues e Isabela Stumpf s\u00e3o nota 10 em todos os quesitos! Beleza Igor Boscato. &nbsp;<\/p>\n","protected":false},"author":96,"featured_media":90539,"comment_status":"closed","ping_status":"closed","sticky":false,"template":"","format":"standard","meta":{"footnotes":""},"categories":[285],"tags":[],"class_list":["post-90540","post","type-post","status-publish","format-standard","has-post-thumbnail","hentry","category-moda-ana-paula-calixto"],"_links":{"self":[{"href":"https:\/\/diarioregionaldigital.com.br\/index.php?rest_route=\/wp\/v2\/posts\/90540","targetHints":{"allow":["GET"]}}],"collection":[{"href":"https:\/\/diarioregionaldigital.com.br\/index.php?rest_route=\/wp\/v2\/posts"}],"about":[{"href":"https:\/\/diarioregionaldigital.com.br\/index.php?rest_route=\/wp\/v2\/types\/post"}],"author":[{"embeddable":true,"href":"https:\/\/diarioregionaldigital.com.br\/index.php?rest_route=\/wp\/v2\/users\/96"}],"replies":[{"embeddable":true,"href":"https:\/\/diarioregionaldigital.com.br\/index.php?rest_route=%2Fwp%2Fv2%2Fcomments&post=90540"}],"version-history":[{"count":0,"href":"https:\/\/diarioregionaldigital.com.br\/index.php?rest_route=\/wp\/v2\/posts\/90540\/revisions"}],"wp:featuredmedia":[{"embeddable":true,"href":"https:\/\/diarioregionaldigital.com.br\/index.php?rest_route=\/wp\/v2\/media\/90539"}],"wp:attachment":[{"href":"https:\/\/diarioregionaldigital.com.br\/index.php?rest_route=%2Fwp%2Fv2%2Fmedia&parent=90540"}],"wp:term":[{"taxonomy":"category","embeddable":true,"href":"https:\/\/diarioregionaldigital.com.br\/index.php?rest_route=%2Fwp%2Fv2%2Fcategories&post=90540"},{"taxonomy":"post_tag","embeddable":true,"href":"https:\/\/diarioregionaldigital.com.br\/index.php?rest_route=%2Fwp%2Fv2%2Ftags&post=90540"}],"curies":[{"name":"wp","href":"https:\/\/api.w.org\/{rel}","templated":true}]}}