{"id":90536,"date":"2018-01-26T17:28:29","date_gmt":"2018-01-26T19:28:29","guid":{"rendered":"http:\/\/diarioregionaljf.com.br\/2018\/01\/26\/in-moda-28-de-janeiro-2018\/"},"modified":"2018-01-26T17:28:29","modified_gmt":"2018-01-26T19:28:29","slug":"in-moda-28-de-janeiro-2018","status":"publish","type":"post","link":"https:\/\/diarioregionaldigital.com.br\/?p=90536","title":{"rendered":"In Moda"},"content":{"rendered":"<h4 style=\"text-align: center;\">SEMANAS DE MODA<\/h4>\n<p>&nbsp;<\/p>\n<p>Nos \u00faltimos dias os principais cen\u00e1rios de moda receberam as grandes grifes do mundo nas passarelas. O In Moda separou os destaques para os amantes do assunto!<\/p>\n<p>&nbsp;<\/p>\n<p><strong>Chanel<\/strong><\/p>\n<p>Cl\u00e1ssica como sempre, a Chanel apareceu com florais de tirar o f\u00f4lego e cinturas marcadas. Um detalhe que chamou a aten\u00e7\u00e3o foi o uso de muitos acess\u00f3rios de cabe\u00e7a, tamb\u00e9m com flores durante todo o desfile, uma super inspira\u00e7\u00e3o!<\/p>\n<p><img loading=\"lazy\" decoding=\"async\" class=\" size-full wp-image-90527\" src=\"http:\/\/diarioregionaljf.com.br\/wp-content\/uploads\/2018\/01\/diario-int-23536-1.jpg\" alt=\"CHANEL.jpg\" width=\"305\" height=\"450\" srcset=\"https:\/\/diarioregionaldigital.com.br\/wp-content\/uploads\/2018\/01\/diario-int-23536-1.jpg 305w, https:\/\/diarioregionaldigital.com.br\/wp-content\/uploads\/2018\/01\/diario-int-23536-1-203x300.jpg 203w\" sizes=\"auto, (max-width: 305px) 100vw, 305px\" \/><\/p>\n<p>&nbsp;<\/p>\n<p><strong>Dior<\/strong><\/p>\n<p>Ainda em Paris, Dior abusou da combina\u00e7\u00e3o preto + branco e refor\u00e7ou uma tend\u00eancia que vem se fortalecendo cada dia mais: a transpar\u00eancia. E como n\u00e3o podia ser diferente, a marca fez isso como muita eleg\u00e2ncia, em produ\u00e7\u00f5es perfeitas para ocasi\u00f5es noturnas.<\/p>\n<p><img loading=\"lazy\" decoding=\"async\" class=\" size-full wp-image-90528\" src=\"http:\/\/diarioregionaljf.com.br\/wp-content\/uploads\/2018\/01\/diario-int-23536-2.jpg\" alt=\"DIOR.jpg\" width=\"300\" height=\"450\" srcset=\"https:\/\/diarioregionaldigital.com.br\/wp-content\/uploads\/2018\/01\/diario-int-23536-2.jpg 300w, https:\/\/diarioregionaldigital.com.br\/wp-content\/uploads\/2018\/01\/diario-int-23536-2-200x300.jpg 200w\" sizes=\"auto, (max-width: 300px) 100vw, 300px\" \/><\/p>\n<p>&nbsp;<\/p>\n<p><strong>Versace<\/strong><\/p>\n<p>A Versace n\u00e3o decepciona no quesito luxo! E no seu desfile para o inverno 2018 em Mil\u00e3o a grife foi do cl\u00e1ssico trech coat a pe\u00e7as com animal print e xadrez, tanto no universo feminino, quanto no masculino.<\/p>\n<p><img loading=\"lazy\" decoding=\"async\" class=\" size-full wp-image-90529\" src=\"http:\/\/diarioregionaljf.com.br\/wp-content\/uploads\/2018\/01\/diario-int-23536-3.jpg\" alt=\"VERSACE.jpg\" width=\"299\" height=\"450\" srcset=\"https:\/\/diarioregionaldigital.com.br\/wp-content\/uploads\/2018\/01\/diario-int-23536-3.jpg 299w, https:\/\/diarioregionaldigital.com.br\/wp-content\/uploads\/2018\/01\/diario-int-23536-3-199x300.jpg 199w\" sizes=\"auto, (max-width: 299px) 100vw, 299px\" \/><\/p>\n<p>&nbsp;<\/p>\n<p><strong>Prada<\/strong><\/p>\n<p>O mix de estampas e sobreposi\u00e7\u00f5es dominou o desfile da Prada. A marca apresentou uma cole\u00e7\u00e3o para todos os gostos, inclusive com refer\u00eancias dos anos 80 e 90.<\/p>\n<p><img loading=\"lazy\" decoding=\"async\" class=\" size-full wp-image-90530\" src=\"http:\/\/diarioregionaljf.com.br\/wp-content\/uploads\/2018\/01\/diario-int-23536-4.jpg\" alt=\"PRADA.jpg\" width=\"300\" height=\"450\" srcset=\"https:\/\/diarioregionaldigital.com.br\/wp-content\/uploads\/2018\/01\/diario-int-23536-4.jpg 300w, https:\/\/diarioregionaldigital.com.br\/wp-content\/uploads\/2018\/01\/diario-int-23536-4-200x300.jpg 200w\" sizes=\"auto, (max-width: 300px) 100vw, 300px\" \/><\/p>\n<p>&nbsp;<\/p>\n<p><strong>Pre-fall MIU MIU<\/strong><\/p>\n<p>Sempre mais leve que sua precursora, a grife comandada por Miuccia Prada se jogou nas cores em combina\u00e7\u00f5es ousadas. Dos acess\u00f3rios aos p\u00e9s, a Miu Miu vem como uma cole\u00e7\u00e3o alegre e perfeita para as fashionistas sem medo de ousar.<\/p>\n<p>&nbsp;<\/p>\n<p><img loading=\"lazy\" decoding=\"async\" class=\" size-full wp-image-90531\" src=\"http:\/\/diarioregionaljf.com.br\/wp-content\/uploads\/2018\/01\/diario-int-23536-5.jpg\" alt=\"MIU MIU.jpg\" width=\"300\" height=\"450\" srcset=\"https:\/\/diarioregionaldigital.com.br\/wp-content\/uploads\/2018\/01\/diario-int-23536-5.jpg 300w, https:\/\/diarioregionaldigital.com.br\/wp-content\/uploads\/2018\/01\/diario-int-23536-5-200x300.jpg 200w\" sizes=\"auto, (max-width: 300px) 100vw, 300px\" \/><\/p>\n<p>&nbsp;<\/p>\n<p>&nbsp;<\/p>\n<h4 style=\"text-align: center;\">TRENDS<\/h4>\n<p>&nbsp;<\/p>\n<p><strong>On\u00e7a voltou (ela foi?!) com tudo!<\/strong><\/p>\n<p>Se tem uma estampa que nunca sai de moda, \u00e9 a de oncinha, e ela nos prova isso a cada esta\u00e7\u00e3o. Ela continua com tudo, dessa vez nas cal\u00e7as, principalmente nos modelos mais soltinhos e combinados com croppeds, body ou camisetas e t\u00eanis, dando um ar mais esportivo ao look!<\/p>\n<p><img loading=\"lazy\" decoding=\"async\" class=\" size-full wp-image-90532\" src=\"http:\/\/diarioregionaljf.com.br\/wp-content\/uploads\/2018\/01\/diario-int-23536-6.jpg\" alt=\"ON\u00c7A VOLTOU.....jpg\" width=\"300\" height=\"450\" srcset=\"https:\/\/diarioregionaldigital.com.br\/wp-content\/uploads\/2018\/01\/diario-int-23536-6.jpg 300w, https:\/\/diarioregionaldigital.com.br\/wp-content\/uploads\/2018\/01\/diario-int-23536-6-200x300.jpg 200w\" sizes=\"auto, (max-width: 300px) 100vw, 300px\" \/><\/p>\n<p>&nbsp;<\/p>\n<p><strong>Pantalona<\/strong><\/p>\n<p>Atemporal, elegante e democr\u00e1tica, ela alonga as pernas e ainda modela a silhueta sem apertar demais! A pantalona vai dos looks para o trabalho at\u00e9 o look de fim de semana, \u00e9 aquela pe\u00e7a que vale o investimento. Combine com camisas e prefira tecidos mais estruturados para um visual mais formal; j\u00e1 para um visual mais despojado, escolha tecidos mais fluidos e combine com croppeds!<\/p>\n<p><img loading=\"lazy\" decoding=\"async\" class=\" size-full wp-image-90533\" src=\"http:\/\/diarioregionaljf.com.br\/wp-content\/uploads\/2018\/01\/diario-int-23536-7.jpg\" alt=\"PANTALONA.jpg\" width=\"213\" height=\"450\" srcset=\"https:\/\/diarioregionaldigital.com.br\/wp-content\/uploads\/2018\/01\/diario-int-23536-7.jpg 213w, https:\/\/diarioregionaldigital.com.br\/wp-content\/uploads\/2018\/01\/diario-int-23536-7-142x300.jpg 142w\" sizes=\"auto, (max-width: 213px) 100vw, 213px\" \/><\/p>\n<p>&nbsp;<\/p>\n<h4 style=\"text-align: center;\">FASHION NEWS<\/h4>\n<p>&nbsp;<\/p>\n<p><strong>O circo da BlueMan<\/strong><\/p>\n<p>Comemorando 45 anos de moda praia e em clima de carnaval, a BlueMan lan\u00e7ou uma linha de fantasias com o tema circo. A marca tr\u00e1s mai\u00f4s, bodies e acess\u00f3rios inspirados nos principais personagens do picadeiro: palha\u00e7os, bailarinas e trapezistas. As pe\u00e7as j\u00e1 est\u00e3o dispon\u00edveis da loja da marca.<\/p>\n<p>&nbsp;<\/p>\n<p><img loading=\"lazy\" decoding=\"async\" class=\" size-full wp-image-90534\" src=\"http:\/\/diarioregionaljf.com.br\/wp-content\/uploads\/2018\/01\/diario-int-23536-8.jpg\" alt=\"CARNAVAL BLUEMAN.jpg\" width=\"455\" height=\"310\" srcset=\"https:\/\/diarioregionaldigital.com.br\/wp-content\/uploads\/2018\/01\/diario-int-23536-8.jpg 661w, https:\/\/diarioregionaldigital.com.br\/wp-content\/uploads\/2018\/01\/diario-int-23536-8-300x204.jpg 300w, https:\/\/diarioregionaldigital.com.br\/wp-content\/uploads\/2018\/01\/diario-int-23536-8-360x245.jpg 360w\" sizes=\"auto, (max-width: 455px) 100vw, 455px\" \/><\/p>\n<p>&nbsp;<\/p>\n<p><strong>Carnaval Salinas<\/strong><\/p>\n<p>A Salinas tamb\u00e9m n\u00e3o ficou de fora e j\u00e1 entrou no clima carnavalesco, lan\u00e7ando uma cole\u00e7\u00e3o c\u00e1psula. Os salopetes com estampas ultra coloridas, entre po\u00e1s, cora\u00e7\u00f5es e florais, al\u00e9m de recortes estrat\u00e9gicos, est\u00e3o dispon\u00edveis na flagship da marca em Ipanema desde o dia 24.<\/p>\n<p><img loading=\"lazy\" decoding=\"async\" class=\" size-full wp-image-90535\" src=\"http:\/\/diarioregionaljf.com.br\/wp-content\/uploads\/2018\/01\/diario-int-23536-9.jpg\" alt=\"CARNAVAL SALINAS.jpg\" width=\"391\" height=\"253\" srcset=\"https:\/\/diarioregionaldigital.com.br\/wp-content\/uploads\/2018\/01\/diario-int-23536-9.jpg 607w, https:\/\/diarioregionaldigital.com.br\/wp-content\/uploads\/2018\/01\/diario-int-23536-9-300x194.jpg 300w, https:\/\/diarioregionaldigital.com.br\/wp-content\/uploads\/2018\/01\/diario-int-23536-9-360x232.jpg 360w\" sizes=\"auto, (max-width: 391px) 100vw, 391px\" \/><\/p>\n<p>&nbsp;<\/p>\n<h4 style=\"text-align: center;\">HOR\u00d3SCOPO DO M\u00caS<\/h4>\n<p>&nbsp;<\/p>\n<p><strong>Aqu\u00e1rio<\/strong><\/p>\n<p>As aquarianas s\u00e3o modernas e com um estilo \u00fanico, sempre prezando pelo conforto e originalidade. Por serem vision\u00e1rias, muitas vezes estar\u00e3o usando aquela pe\u00e7a que ningu\u00e9m ainda deu aten\u00e7\u00e3o e que vem a se tornar tend\u00eancia, lan\u00e7ando moda!<\/p>\n<p>&nbsp;<\/p>\n<h4 style=\"text-align: center;\">GERMINA<\/h4>\n<p>&nbsp;<\/p>\n<p>Fernanda Knop, Thais Raposo e Fabiane Alves criaram a Germina Laborat\u00f3rio criativo. A proposta \u00e9 ajudar parceiros de moda a continuarem ou a se tornarem uma marca refer\u00eancia no segmento em que atuam, ou at\u00e9 mesmo migrarem para outros segmentos.<br \/>As atua\u00e7\u00f5es podem se estender da pesquisa at\u00e9 o desenvolvimento dos cat\u00e1logos. Bela iniciativa!<\/p>\n<p>&nbsp;<\/p>\n<h4 style=\"text-align: center;\">P\u00cdLULAS DE ESTILO<\/h4>\n<p>&nbsp;<\/p>\n<p><strong>\u201cAs roupas s\u00e3o inevit\u00e1veis. Elas s\u00e3o nada menos do que a mob\u00edlia de sua mente que se torna vis\u00edvel\u201d<\/strong> &#8211;&nbsp;James Laver<\/p>\n<p><strong>\u201cUma mulher pode se sentir muito sexy no seu vestido ou no jeans. Depende da pessoa. Se ela n\u00e3o acha que \u00e9 sexy, ela n\u00e3o ser\u00e1 sexy\u201d<\/strong> &#8211;&nbsp;Yves St-Laurent<\/p>\n<p><strong>\u201cModa \u00e9 muito diferente de estilo. Quando voc\u00ea encontrar o que lhe fica bem, seja fiel ao g\u00eanero\u201d<\/strong> &#8211;&nbsp;Tom Ford<\/p>\n<p>&nbsp;<\/p>\n<p>&nbsp;<\/p>\n<p><strong>COLABORADORAS:&nbsp;MARIANA MATOS E DEUSIANE DUARTE<\/strong><\/p>\n","protected":false},"excerpt":{"rendered":"<p>SEMANAS DE MODA &nbsp; Nos \u00faltimos dias os principais cen\u00e1rios de moda receberam as grandes grifes do mundo nas passarelas. O In Moda separou os destaques para os amantes do assunto! &nbsp; Chanel Cl\u00e1ssica como sempre, a Chanel apareceu com florais de tirar o f\u00f4lego e cinturas marcadas. Um detalhe que chamou a aten\u00e7\u00e3o foi [&hellip;]<\/p>\n","protected":false},"author":96,"featured_media":90526,"comment_status":"closed","ping_status":"closed","sticky":false,"template":"","format":"standard","meta":{"footnotes":""},"categories":[285],"tags":[],"class_list":["post-90536","post","type-post","status-publish","format-standard","has-post-thumbnail","hentry","category-moda-ana-paula-calixto"],"_links":{"self":[{"href":"https:\/\/diarioregionaldigital.com.br\/index.php?rest_route=\/wp\/v2\/posts\/90536","targetHints":{"allow":["GET"]}}],"collection":[{"href":"https:\/\/diarioregionaldigital.com.br\/index.php?rest_route=\/wp\/v2\/posts"}],"about":[{"href":"https:\/\/diarioregionaldigital.com.br\/index.php?rest_route=\/wp\/v2\/types\/post"}],"author":[{"embeddable":true,"href":"https:\/\/diarioregionaldigital.com.br\/index.php?rest_route=\/wp\/v2\/users\/96"}],"replies":[{"embeddable":true,"href":"https:\/\/diarioregionaldigital.com.br\/index.php?rest_route=%2Fwp%2Fv2%2Fcomments&post=90536"}],"version-history":[{"count":0,"href":"https:\/\/diarioregionaldigital.com.br\/index.php?rest_route=\/wp\/v2\/posts\/90536\/revisions"}],"wp:featuredmedia":[{"embeddable":true,"href":"https:\/\/diarioregionaldigital.com.br\/index.php?rest_route=\/wp\/v2\/media\/90526"}],"wp:attachment":[{"href":"https:\/\/diarioregionaldigital.com.br\/index.php?rest_route=%2Fwp%2Fv2%2Fmedia&parent=90536"}],"wp:term":[{"taxonomy":"category","embeddable":true,"href":"https:\/\/diarioregionaldigital.com.br\/index.php?rest_route=%2Fwp%2Fv2%2Fcategories&post=90536"},{"taxonomy":"post_tag","embeddable":true,"href":"https:\/\/diarioregionaldigital.com.br\/index.php?rest_route=%2Fwp%2Fv2%2Ftags&post=90536"}],"curies":[{"name":"wp","href":"https:\/\/api.w.org\/{rel}","templated":true}]}}