{"id":90525,"date":"2018-01-26T15:48:48","date_gmt":"2018-01-26T17:48:48","guid":{"rendered":"http:\/\/diarioregionaljf.com.br\/2018\/01\/26\/inscricoes-para-o-sisu-terminam-nesta-sexta-feira\/"},"modified":"2018-01-26T15:48:48","modified_gmt":"2018-01-26T17:48:48","slug":"inscricoes-para-o-sisu-terminam-nesta-sexta-feira","status":"publish","type":"post","link":"https:\/\/diarioregionaldigital.com.br\/?p=90525","title":{"rendered":"Inscri\u00e7\u00f5es para o Sisu terminam nesta sexta-feira"},"content":{"rendered":"<p>Terminam nesta sexta-feira, 26, \u00e0s 23h59, as inscri\u00e7\u00f5es para a edi\u00e7\u00e3o do primeiro semestre do Sistema de Sele\u00e7\u00e3o Unificada (Sisu) 2018. At\u00e9 agora, 1.812.401 candidatos se inscreveram para a sele\u00e7\u00e3o, em busca de uma vaga no ensino superior. O candidato pode se inscrever em at\u00e9 duas vagas entre as ofertadas, indicando a ordem de prefer\u00eancia.<\/p>\n<p>Como muitos j\u00e1 marcaram as diferentes op\u00e7\u00f5es, o total de inscri\u00e7\u00f5es chegou a 3.510.592 \u00e0s 18h dessa quinta-feira, 25, informou o Minist\u00e9rio da Educa\u00e7\u00e3o (MEC).<\/p>\n<p>\u00c9 poss\u00edvel trocar de op\u00e7\u00e3o durante todo o per\u00edodo de inscri\u00e7\u00e3o, pois apenas a \u00faltima altera\u00e7\u00e3o ser\u00e1 validada. De acordo com a pasta, os 10 cursos mais procurados at\u00e9 agora foram: medicina, com 219.300 inscri\u00e7\u00f5es; direito, 201.539; administra\u00e7\u00e3o, 185.813; pedagogia, 159.205; enfermagem, 120.999; educa\u00e7\u00e3o f\u00edsica, 120.524; psicologia, 94.203; ci\u00eancias biol\u00f3gicas, 87.806; ci\u00eancias cont\u00e1beis, 79.532 e veterin\u00e1ria, com 71.679.<\/p>\n<p>O Sisu \u00e9 usado por institui\u00e7\u00f5es p\u00fablicas de educa\u00e7\u00e3o superior na oferta de vagas a estudantes, com base nas notas obtidas no Exame Nacional do Ensino M\u00e9dio (Enem). No total, s\u00e3o 239.601 vagas oferecidas em 130 institui\u00e7\u00f5es, entre universidades federais, institutos federais de educa\u00e7\u00e3o, ci\u00eancia e tecnologia e institui\u00e7\u00f5es estaduais. O processo de inscri\u00e7\u00e3o \u00e9 feito exclusivamente pelo site do Sisu.<\/p>\n<p>Podem se candidatar estudantes que participaram do Enem 2017 e obtiveram nota na reda\u00e7\u00e3o diferente de zero. N\u00e3o \u00e9 necess\u00e1rio pagar taxas.<\/p>\n<p>Fonte: Ag\u00eancia Brasil<\/p>\n","protected":false},"excerpt":{"rendered":"<p>Terminam nesta sexta-feira, 26, \u00e0s 23h59, as inscri\u00e7\u00f5es para a edi\u00e7\u00e3o do primeiro semestre do Sistema de Sele\u00e7\u00e3o Unificada (Sisu) 2018. At\u00e9 agora, 1.812.401 candidatos se inscreveram para a sele\u00e7\u00e3o, em busca de uma vaga no ensino superior. O candidato pode se inscrever em at\u00e9 duas vagas entre as ofertadas, indicando a ordem de prefer\u00eancia. [&hellip;]<\/p>\n","protected":false},"author":96,"featured_media":90524,"comment_status":"closed","ping_status":"closed","sticky":false,"template":"","format":"standard","meta":{"footnotes":""},"categories":[302],"tags":[],"class_list":["post-90525","post","type-post","status-publish","format-standard","has-post-thumbnail","hentry","category-brasil-mundo"],"_links":{"self":[{"href":"https:\/\/diarioregionaldigital.com.br\/index.php?rest_route=\/wp\/v2\/posts\/90525","targetHints":{"allow":["GET"]}}],"collection":[{"href":"https:\/\/diarioregionaldigital.com.br\/index.php?rest_route=\/wp\/v2\/posts"}],"about":[{"href":"https:\/\/diarioregionaldigital.com.br\/index.php?rest_route=\/wp\/v2\/types\/post"}],"author":[{"embeddable":true,"href":"https:\/\/diarioregionaldigital.com.br\/index.php?rest_route=\/wp\/v2\/users\/96"}],"replies":[{"embeddable":true,"href":"https:\/\/diarioregionaldigital.com.br\/index.php?rest_route=%2Fwp%2Fv2%2Fcomments&post=90525"}],"version-history":[{"count":0,"href":"https:\/\/diarioregionaldigital.com.br\/index.php?rest_route=\/wp\/v2\/posts\/90525\/revisions"}],"wp:featuredmedia":[{"embeddable":true,"href":"https:\/\/diarioregionaldigital.com.br\/index.php?rest_route=\/wp\/v2\/media\/90524"}],"wp:attachment":[{"href":"https:\/\/diarioregionaldigital.com.br\/index.php?rest_route=%2Fwp%2Fv2%2Fmedia&parent=90525"}],"wp:term":[{"taxonomy":"category","embeddable":true,"href":"https:\/\/diarioregionaldigital.com.br\/index.php?rest_route=%2Fwp%2Fv2%2Fcategories&post=90525"},{"taxonomy":"post_tag","embeddable":true,"href":"https:\/\/diarioregionaldigital.com.br\/index.php?rest_route=%2Fwp%2Fv2%2Ftags&post=90525"}],"curies":[{"name":"wp","href":"https:\/\/api.w.org\/{rel}","templated":true}]}}