{"id":90523,"date":"2018-01-26T14:21:16","date_gmt":"2018-01-26T16:21:16","guid":{"rendered":"http:\/\/diarioregionaljf.com.br\/2018\/01\/26\/brasil-fecha-20-8-mil-vagas-de-trabalho-formal-em-2017\/"},"modified":"2018-01-26T14:21:16","modified_gmt":"2018-01-26T16:21:16","slug":"brasil-fecha-20-8-mil-vagas-de-trabalho-formal-em-2017","status":"publish","type":"post","link":"https:\/\/diarioregionaldigital.com.br\/?p=90523","title":{"rendered":"Brasil fecha 20,8 mil vagas de trabalho formal em 2017"},"content":{"rendered":"<p>O Brasil fechou 20.832 vagas de trabalho formal em 2017, segundo dados do Cadastro Geral de Empregados e Desempregados (Caged) divulgados hoje (26) pelo Minist\u00e9rio do Trabalho. O n\u00famero representa redu\u00e7\u00e3o de 0,05% em rela\u00e7\u00e3o ao estoque de 2016, quando foram fechadas 1.326.558 vagas. Esse foi o terceiro ano consecutivo de saldo negativo. Em 2015, houve queda de 1.534.989 vagas.<\/p>\n<p>Para o Minist\u00e9rio do Trabalho, o resultado de 2017 significa estabilidade do emprego no pa\u00eds. &#8220;\u00c9 um resultado que veio dentro das expectativas. Todas as estimativas de mercado apontavam para algo pr\u00f3ximo da estabilidade no emprego&#8221;, avaliou o coordenador-geral de Estat\u00edstica do minist\u00e9rio, M\u00e1rio Magalh\u00e3es.<\/p>\n<p>De acordo com os dados, as contrata\u00e7\u00f5es, no ano passado, totalizaram 14.635.899, e as demiss\u00f5es, 14.656.731. Apenas em dezembro, 328.539 postos de trabalho formal foram fechados \u2013 queda de 0,85% em rela\u00e7\u00e3o ao mesmo per\u00edodo do ano anterior.<\/p>\n<p>Fonte: Ag\u00eancia Brasil<\/p>\n","protected":false},"excerpt":{"rendered":"<p>O Brasil fechou 20.832 vagas de trabalho formal em 2017, segundo dados do Cadastro Geral de Empregados e Desempregados (Caged) divulgados hoje (26) pelo Minist\u00e9rio do Trabalho. O n\u00famero representa redu\u00e7\u00e3o de 0,05% em rela\u00e7\u00e3o ao estoque de 2016, quando foram fechadas 1.326.558 vagas. Esse foi o terceiro ano consecutivo de saldo negativo. Em 2015, [&hellip;]<\/p>\n","protected":false},"author":96,"featured_media":90522,"comment_status":"closed","ping_status":"closed","sticky":false,"template":"","format":"standard","meta":{"footnotes":""},"categories":[261],"tags":[],"class_list":["post-90523","post","type-post","status-publish","format-standard","has-post-thumbnail","hentry","category-economia"],"_links":{"self":[{"href":"https:\/\/diarioregionaldigital.com.br\/index.php?rest_route=\/wp\/v2\/posts\/90523","targetHints":{"allow":["GET"]}}],"collection":[{"href":"https:\/\/diarioregionaldigital.com.br\/index.php?rest_route=\/wp\/v2\/posts"}],"about":[{"href":"https:\/\/diarioregionaldigital.com.br\/index.php?rest_route=\/wp\/v2\/types\/post"}],"author":[{"embeddable":true,"href":"https:\/\/diarioregionaldigital.com.br\/index.php?rest_route=\/wp\/v2\/users\/96"}],"replies":[{"embeddable":true,"href":"https:\/\/diarioregionaldigital.com.br\/index.php?rest_route=%2Fwp%2Fv2%2Fcomments&post=90523"}],"version-history":[{"count":0,"href":"https:\/\/diarioregionaldigital.com.br\/index.php?rest_route=\/wp\/v2\/posts\/90523\/revisions"}],"wp:featuredmedia":[{"embeddable":true,"href":"https:\/\/diarioregionaldigital.com.br\/index.php?rest_route=\/wp\/v2\/media\/90522"}],"wp:attachment":[{"href":"https:\/\/diarioregionaldigital.com.br\/index.php?rest_route=%2Fwp%2Fv2%2Fmedia&parent=90523"}],"wp:term":[{"taxonomy":"category","embeddable":true,"href":"https:\/\/diarioregionaldigital.com.br\/index.php?rest_route=%2Fwp%2Fv2%2Fcategories&post=90523"},{"taxonomy":"post_tag","embeddable":true,"href":"https:\/\/diarioregionaldigital.com.br\/index.php?rest_route=%2Fwp%2Fv2%2Ftags&post=90523"}],"curies":[{"name":"wp","href":"https:\/\/api.w.org\/{rel}","templated":true}]}}