{"id":90521,"date":"2018-01-26T14:13:13","date_gmt":"2018-01-26T16:13:13","guid":{"rendered":"http:\/\/diarioregionaljf.com.br\/2018\/01\/26\/mulher-e-assaltada-a-mao-armada-no-bairro-bom-pastor\/"},"modified":"2018-01-26T14:13:13","modified_gmt":"2018-01-26T16:13:13","slug":"mulher-e-assaltada-a-mao-armada-no-bairro-bom-pastor","status":"publish","type":"post","link":"https:\/\/diarioregionaldigital.com.br\/?p=90521","title":{"rendered":"Mulher \u00e9 assaltada \u00e0 m\u00e3o armada no bairro Bom Pastor"},"content":{"rendered":"<p>Uma mulher de 58 anos foi v\u00edtima de um assalto \u00e0 m\u00e3o armada no in\u00edcio da noite desta quinta-feira, 25, no bairro Bom Pastor, localizado na zona Sul.<\/p>\n<p>De acordo com o registro de ocorr\u00eancias da Pol\u00edcia Militar (PM), a mulher passava pela Rua Renato Dias, quando foi abordada por um indiv\u00edduo que anunciou o assalto.<\/p>\n<p>Ele estava com uma arma de fogo e roubou o celular da v\u00edtima. Ap\u00f3s o crime fugiu pela Rua Sadi Carnot.<\/p>\n<p>A PM realizou buscas na regi\u00e3o, mas o assaltante n\u00e3o foi localizado.<\/p>\n","protected":false},"excerpt":{"rendered":"<p>Uma mulher de 58 anos foi v\u00edtima de um assalto \u00e0 m\u00e3o armada no in\u00edcio da noite desta quinta-feira, 25, no bairro Bom Pastor, localizado na zona Sul. De acordo com o registro de ocorr\u00eancias da Pol\u00edcia Militar (PM), a mulher passava pela Rua Renato Dias, quando foi abordada por um indiv\u00edduo que anunciou o [&hellip;]<\/p>\n","protected":false},"author":96,"featured_media":90520,"comment_status":"closed","ping_status":"closed","sticky":false,"template":"","format":"standard","meta":{"footnotes":""},"categories":[301],"tags":[],"class_list":["post-90521","post","type-post","status-publish","format-standard","has-post-thumbnail","hentry","category-artigos-policiais"],"_links":{"self":[{"href":"https:\/\/diarioregionaldigital.com.br\/index.php?rest_route=\/wp\/v2\/posts\/90521","targetHints":{"allow":["GET"]}}],"collection":[{"href":"https:\/\/diarioregionaldigital.com.br\/index.php?rest_route=\/wp\/v2\/posts"}],"about":[{"href":"https:\/\/diarioregionaldigital.com.br\/index.php?rest_route=\/wp\/v2\/types\/post"}],"author":[{"embeddable":true,"href":"https:\/\/diarioregionaldigital.com.br\/index.php?rest_route=\/wp\/v2\/users\/96"}],"replies":[{"embeddable":true,"href":"https:\/\/diarioregionaldigital.com.br\/index.php?rest_route=%2Fwp%2Fv2%2Fcomments&post=90521"}],"version-history":[{"count":0,"href":"https:\/\/diarioregionaldigital.com.br\/index.php?rest_route=\/wp\/v2\/posts\/90521\/revisions"}],"wp:featuredmedia":[{"embeddable":true,"href":"https:\/\/diarioregionaldigital.com.br\/index.php?rest_route=\/wp\/v2\/media\/90520"}],"wp:attachment":[{"href":"https:\/\/diarioregionaldigital.com.br\/index.php?rest_route=%2Fwp%2Fv2%2Fmedia&parent=90521"}],"wp:term":[{"taxonomy":"category","embeddable":true,"href":"https:\/\/diarioregionaldigital.com.br\/index.php?rest_route=%2Fwp%2Fv2%2Fcategories&post=90521"},{"taxonomy":"post_tag","embeddable":true,"href":"https:\/\/diarioregionaldigital.com.br\/index.php?rest_route=%2Fwp%2Fv2%2Ftags&post=90521"}],"curies":[{"name":"wp","href":"https:\/\/api.w.org\/{rel}","templated":true}]}}