{"id":90516,"date":"2018-01-26T12:15:32","date_gmt":"2018-01-26T14:15:32","guid":{"rendered":"http:\/\/diarioregionaljf.com.br\/2018\/01\/26\/pm-prende-tres-jovens-envolvidos-em-roubo-a-fazenda-em-aracitaba\/"},"modified":"2018-01-26T12:15:32","modified_gmt":"2018-01-26T14:15:32","slug":"pm-prende-tres-jovens-envolvidos-em-roubo-a-fazenda-em-aracitaba","status":"publish","type":"post","link":"https:\/\/diarioregionaldigital.com.br\/?p=90516","title":{"rendered":"PM prende tr\u00eas jovens envolvidos em roubo a fazenda em Aracitaba"},"content":{"rendered":"<p>A Pol\u00edcia Militar (PM) prendeu nesta quinta-feira, 25, tr\u00eas integrantes de uma quadrilha respons\u00e1vel por um roubo a uma fazenda na cidade de Aracitaba, Minas Gerais, localizada a aproximadamente 100 km de dist\u00e2ncia de Juiz de Fora. Eles foram localizados no bairro Cer\u00e2mica, zona Norte.<\/p>\n<p>O primeiro autor, um jovem de 20 anos, foi encontrado ap\u00f3s divulga\u00e7\u00e3o de uma foto utilizando um cord\u00e3o de prata, fruto do roubo a fazenda. No momento da abordagem da PM, ele estaria tentando vender o cord\u00e3o. O cord\u00e3o foi recuperado, al\u00e9m de um celular tamb\u00e9m roubado das v\u00edtimas da fazenda. O jovem assumiu a participa\u00e7\u00e3o no crime e afirmou que os materiais foram recebidos como forma de pagamento pela participa\u00e7\u00e3o no roubo.<\/p>\n<p>A PM continuou as buscas pela regi\u00e3o e com mais informa\u00e7\u00f5es conseguiu encontrar os outros dois envolvidos no crime, um jovem de 23 anos e outro de 28, tamb\u00e9m com itens roubados da fazenda.<\/p>\n<p>O crime ocorreu nesta quinta-feira, 25, e contou com a participa\u00e7\u00e3o de sete autores. Todos foram presos, sendo que <a href=\"geral\/23532-agentes-da-prf-prendem-assaltantes-e-recuperam-veiculo-roubado\">tr\u00eas deles foram capturados pela Pol\u00edcia Rodovi\u00e1ria Federal (PRF) ap\u00f3s sofrerem um acidente de carro durante a fuga do crime.<\/a><\/p>\n<p>Um dos autores, em di\u00e1logo com a PM afirmou que uma das motiva\u00e7\u00f5es para pr\u00e1tica do crime, seria uma quantia de R$140 mil reais, que estaria no s\u00edtio.<\/p>\n<p>Todos os itens roubados foram recuperados pelas autoridades.<\/p>\n","protected":false},"excerpt":{"rendered":"<p>A Pol\u00edcia Militar (PM) prendeu nesta quinta-feira, 25, tr\u00eas integrantes de uma quadrilha respons\u00e1vel por um roubo a uma fazenda na cidade de Aracitaba, Minas Gerais, localizada a aproximadamente 100 km de dist\u00e2ncia de Juiz de Fora. Eles foram localizados no bairro Cer\u00e2mica, zona Norte. O primeiro autor, um jovem de 20 anos, foi encontrado [&hellip;]<\/p>\n","protected":false},"author":96,"featured_media":90515,"comment_status":"closed","ping_status":"closed","sticky":false,"template":"","format":"standard","meta":{"footnotes":""},"categories":[252],"tags":[],"class_list":["post-90516","post","type-post","status-publish","format-standard","has-post-thumbnail","hentry","category-regiao"],"_links":{"self":[{"href":"https:\/\/diarioregionaldigital.com.br\/index.php?rest_route=\/wp\/v2\/posts\/90516","targetHints":{"allow":["GET"]}}],"collection":[{"href":"https:\/\/diarioregionaldigital.com.br\/index.php?rest_route=\/wp\/v2\/posts"}],"about":[{"href":"https:\/\/diarioregionaldigital.com.br\/index.php?rest_route=\/wp\/v2\/types\/post"}],"author":[{"embeddable":true,"href":"https:\/\/diarioregionaldigital.com.br\/index.php?rest_route=\/wp\/v2\/users\/96"}],"replies":[{"embeddable":true,"href":"https:\/\/diarioregionaldigital.com.br\/index.php?rest_route=%2Fwp%2Fv2%2Fcomments&post=90516"}],"version-history":[{"count":0,"href":"https:\/\/diarioregionaldigital.com.br\/index.php?rest_route=\/wp\/v2\/posts\/90516\/revisions"}],"wp:featuredmedia":[{"embeddable":true,"href":"https:\/\/diarioregionaldigital.com.br\/index.php?rest_route=\/wp\/v2\/media\/90515"}],"wp:attachment":[{"href":"https:\/\/diarioregionaldigital.com.br\/index.php?rest_route=%2Fwp%2Fv2%2Fmedia&parent=90516"}],"wp:term":[{"taxonomy":"category","embeddable":true,"href":"https:\/\/diarioregionaldigital.com.br\/index.php?rest_route=%2Fwp%2Fv2%2Fcategories&post=90516"},{"taxonomy":"post_tag","embeddable":true,"href":"https:\/\/diarioregionaldigital.com.br\/index.php?rest_route=%2Fwp%2Fv2%2Ftags&post=90516"}],"curies":[{"name":"wp","href":"https:\/\/api.w.org\/{rel}","templated":true}]}}