{"id":90512,"date":"2018-01-26T11:28:24","date_gmt":"2018-01-26T13:28:24","guid":{"rendered":"http:\/\/diarioregionaljf.com.br\/2018\/01\/26\/pm-apreende-armamento-pesado-em-acao-contra-criminosos-na-rocinha\/"},"modified":"2018-01-26T11:28:24","modified_gmt":"2018-01-26T13:28:24","slug":"pm-apreende-armamento-pesado-em-acao-contra-criminosos-na-rocinha","status":"publish","type":"post","link":"https:\/\/diarioregionaldigital.com.br\/?p=90512","title":{"rendered":"PM apreende armamento pesado em a\u00e7\u00e3o contra criminosos na Rocinha"},"content":{"rendered":"<p>A Pol\u00edcia Militar (PM) divulgou um balan\u00e7o da opera\u00e7\u00e3o dessa quinta-feira, 25, na favela da Rocinha, zona sul do Rio, onde foram registrados intensos tiroteios por mais de duas horas na parte alta da comunidade pela manh\u00e3 e \u00e0 tarde. Muitos moradores n\u00e3o tiveram condi\u00e7\u00f5es de deixar suas casas e acabaram faltando ao trabalho.<\/p>\n<p>Tr\u00eas criminosos ficaram feridos. A PM n\u00e3o informou se eles foram levados para hospitais da regi\u00e3o. Os militares apreenderam seis fuzis e tr\u00eas pistolas autom\u00e1ticas nas localidades do Macega e Terreir\u00e3o. Em outro ponto da favela, na localidade da Cachopa, policiais da Unidade de Pol\u00edcia Pacificadora (UPP) Rocinha, ap\u00f3s confronto, prenderam um criminoso e apreenderam com ele um fuzil autom\u00e1tico, uma pistola e uma granada.<\/p>\n<p>Pela manh\u00e3, um policial do Batalh\u00e3o de Choque foi ferido com um tiro de fuzil na barriga e encaminhado ao Hospital Miguel Couto. O soldado da Pol\u00edcia Militar (PM) &nbsp;morreu durante a noite e foi o d\u00e9cimo policial militar assassinado neste ano. \u00c0 tarde, outro policial do Choque foi ferido na perna e socorrido no mesmo hospital.<\/p>\n<p>Por volta das 17h, manifestantes fecharam a Avenida Niemeyer nos dois sentidos, em frente \u00e0 entrada do Vidigal, onde um \u00f4nibus foi incendiado, pr\u00f3ximo ao Hotel Sheraton.&nbsp;<\/p>\n<p>O balan\u00e7o da opera\u00e7\u00e3o indica que um homem foi preso, cinco pessoas ficaram feridas, sendo tr\u00eas criminosos e dois militares do Batalh\u00e3o de Choque, e um morador foi atingido por bala perdida. Al\u00e9m disso, foram apreendidos sete fuzis, quatro pistolas e uma granada.<\/p>\n<p>&nbsp;<\/p>\n<h4>BALAN\u00c7O<\/h4>\n<p>Desde o dia 18 de setembro do ano passado, 32 criminosos foram mortos em opera\u00e7\u00f5es na comunidade; 17 menores, apreendidos; e 82 pessoas, presas. Trinta e cinco fuzis autom\u00e1ticos, 53 pistolas, tr\u00eas submetralhadoras, seis espingardas e 61 granadas foram retiradas das m\u00e3os dos criminosos.<\/p>\n<p>Fonte: Ag\u00eancia Brasil<\/p>\n","protected":false},"excerpt":{"rendered":"<p>A Pol\u00edcia Militar (PM) divulgou um balan\u00e7o da opera\u00e7\u00e3o dessa quinta-feira, 25, na favela da Rocinha, zona sul do Rio, onde foram registrados intensos tiroteios por mais de duas horas na parte alta da comunidade pela manh\u00e3 e \u00e0 tarde. Muitos moradores n\u00e3o tiveram condi\u00e7\u00f5es de deixar suas casas e acabaram faltando ao trabalho. Tr\u00eas [&hellip;]<\/p>\n","protected":false},"author":96,"featured_media":90511,"comment_status":"closed","ping_status":"closed","sticky":false,"template":"","format":"standard","meta":{"footnotes":""},"categories":[302],"tags":[],"class_list":["post-90512","post","type-post","status-publish","format-standard","has-post-thumbnail","hentry","category-brasil-mundo"],"_links":{"self":[{"href":"https:\/\/diarioregionaldigital.com.br\/index.php?rest_route=\/wp\/v2\/posts\/90512","targetHints":{"allow":["GET"]}}],"collection":[{"href":"https:\/\/diarioregionaldigital.com.br\/index.php?rest_route=\/wp\/v2\/posts"}],"about":[{"href":"https:\/\/diarioregionaldigital.com.br\/index.php?rest_route=\/wp\/v2\/types\/post"}],"author":[{"embeddable":true,"href":"https:\/\/diarioregionaldigital.com.br\/index.php?rest_route=\/wp\/v2\/users\/96"}],"replies":[{"embeddable":true,"href":"https:\/\/diarioregionaldigital.com.br\/index.php?rest_route=%2Fwp%2Fv2%2Fcomments&post=90512"}],"version-history":[{"count":0,"href":"https:\/\/diarioregionaldigital.com.br\/index.php?rest_route=\/wp\/v2\/posts\/90512\/revisions"}],"wp:featuredmedia":[{"embeddable":true,"href":"https:\/\/diarioregionaldigital.com.br\/index.php?rest_route=\/wp\/v2\/media\/90511"}],"wp:attachment":[{"href":"https:\/\/diarioregionaldigital.com.br\/index.php?rest_route=%2Fwp%2Fv2%2Fmedia&parent=90512"}],"wp:term":[{"taxonomy":"category","embeddable":true,"href":"https:\/\/diarioregionaldigital.com.br\/index.php?rest_route=%2Fwp%2Fv2%2Fcategories&post=90512"},{"taxonomy":"post_tag","embeddable":true,"href":"https:\/\/diarioregionaldigital.com.br\/index.php?rest_route=%2Fwp%2Fv2%2Ftags&post=90512"}],"curies":[{"name":"wp","href":"https:\/\/api.w.org\/{rel}","templated":true}]}}