{"id":90510,"date":"2018-01-26T11:18:01","date_gmt":"2018-01-26T13:18:01","guid":{"rendered":"http:\/\/diarioregionaljf.com.br\/2018\/01\/26\/brasil-vai-doar-r-792-mil-para-obras-na-basilica-da-natividade-na-palestina\/"},"modified":"2018-01-26T11:18:01","modified_gmt":"2018-01-26T13:18:01","slug":"brasil-vai-doar-r-792-mil-para-obras-na-basilica-da-natividade-na-palestina","status":"publish","type":"post","link":"https:\/\/diarioregionaldigital.com.br\/?p=90510","title":{"rendered":"Brasil vai doar R$792 mil para obras na Bas\u00edlica da Natividade, na Palestina"},"content":{"rendered":"<p>O governo brasileiro vai doar R$792 mil para as reformas de restaura\u00e7\u00e3o da Bas\u00edlica da Natividade, na cidade de Bel\u00e9m, no Estado da Palestina.<\/p>\n<p>A medida provis\u00f3ria autorizando a doa\u00e7\u00e3o foi assinada nessa quinta-feira, 25, pelo presidente da Rep\u00fablica em Exerc\u00edcio, Rodrigo Maia. O Minist\u00e9rio das Rela\u00e7\u00f5es Exteriores vai intermediar a doa\u00e7\u00e3o, que ser\u00e1 feita com o or\u00e7amento da pasta.<\/p>\n<p>A Bas\u00edlica da Natividade foi erguida no local onde se acredita ter nascido Jesus Cristo. Sua constru\u00e7\u00e3o teve in\u00edcio no ano de 339 e desde 2013 passa por uma grande reforma.<\/p>\n<p>O local recebe milh\u00f5es de turistas por ano e n\u00e3o passava por reformas h\u00e1 300 anos. A Autoridade Palestina doou parte dos recursos para a obra. Pa\u00edses europeus tamb\u00e9m t\u00eam doado dinheiro para custear a a\u00e7\u00e3o.<\/p>\n<p>Fonte: Ag\u00eancia Brasil<\/p>\n","protected":false},"excerpt":{"rendered":"<p>O governo brasileiro vai doar R$792 mil para as reformas de restaura\u00e7\u00e3o da Bas\u00edlica da Natividade, na cidade de Bel\u00e9m, no Estado da Palestina. A medida provis\u00f3ria autorizando a doa\u00e7\u00e3o foi assinada nessa quinta-feira, 25, pelo presidente da Rep\u00fablica em Exerc\u00edcio, Rodrigo Maia. O Minist\u00e9rio das Rela\u00e7\u00f5es Exteriores vai intermediar a doa\u00e7\u00e3o, que ser\u00e1 feita [&hellip;]<\/p>\n","protected":false},"author":96,"featured_media":90509,"comment_status":"closed","ping_status":"closed","sticky":false,"template":"","format":"standard","meta":{"footnotes":""},"categories":[302],"tags":[],"class_list":["post-90510","post","type-post","status-publish","format-standard","has-post-thumbnail","hentry","category-brasil-mundo"],"_links":{"self":[{"href":"https:\/\/diarioregionaldigital.com.br\/index.php?rest_route=\/wp\/v2\/posts\/90510","targetHints":{"allow":["GET"]}}],"collection":[{"href":"https:\/\/diarioregionaldigital.com.br\/index.php?rest_route=\/wp\/v2\/posts"}],"about":[{"href":"https:\/\/diarioregionaldigital.com.br\/index.php?rest_route=\/wp\/v2\/types\/post"}],"author":[{"embeddable":true,"href":"https:\/\/diarioregionaldigital.com.br\/index.php?rest_route=\/wp\/v2\/users\/96"}],"replies":[{"embeddable":true,"href":"https:\/\/diarioregionaldigital.com.br\/index.php?rest_route=%2Fwp%2Fv2%2Fcomments&post=90510"}],"version-history":[{"count":0,"href":"https:\/\/diarioregionaldigital.com.br\/index.php?rest_route=\/wp\/v2\/posts\/90510\/revisions"}],"wp:featuredmedia":[{"embeddable":true,"href":"https:\/\/diarioregionaldigital.com.br\/index.php?rest_route=\/wp\/v2\/media\/90509"}],"wp:attachment":[{"href":"https:\/\/diarioregionaldigital.com.br\/index.php?rest_route=%2Fwp%2Fv2%2Fmedia&parent=90510"}],"wp:term":[{"taxonomy":"category","embeddable":true,"href":"https:\/\/diarioregionaldigital.com.br\/index.php?rest_route=%2Fwp%2Fv2%2Fcategories&post=90510"},{"taxonomy":"post_tag","embeddable":true,"href":"https:\/\/diarioregionaldigital.com.br\/index.php?rest_route=%2Fwp%2Fv2%2Ftags&post=90510"}],"curies":[{"name":"wp","href":"https:\/\/api.w.org\/{rel}","templated":true}]}}