{"id":90508,"date":"2018-01-26T11:16:26","date_gmt":"2018-01-26T13:16:26","guid":{"rendered":"http:\/\/diarioregionaljf.com.br\/2018\/01\/26\/pais-tem-estoque-para-imunizar-todos-os-brasileiros-nao-vacinados-diz-ministro\/"},"modified":"2018-01-26T11:16:26","modified_gmt":"2018-01-26T13:16:26","slug":"pais-tem-estoque-para-imunizar-todos-os-brasileiros-nao-vacinados-diz-ministro","status":"publish","type":"post","link":"https:\/\/diarioregionaldigital.com.br\/?p=90508","title":{"rendered":"Pa\u00eds tem estoque para imunizar todos os brasileiros n\u00e3o vacinados, diz ministro"},"content":{"rendered":"<p>O ministro da Sa\u00fade, Ricardo Barros, reafirmou nessa quinta-feira, 25, que o pa\u00eds tem estoque suficiente para imunizar, com doses fracionadas da vacina, todos os brasileiros ainda n\u00e3o vacinados contra a febre amarela. No entanto, o minist\u00e9rio manter\u00e1 a estrat\u00e9gia de imunizar apenas a popula\u00e7\u00e3o das \u00e1reas afetadas pela doen\u00e7a.<\/p>\n<p>O ministro inaugurou, nessa quinta-feira, na cidade de Embu das Artes, na Regi\u00e3o Metropolitana de S\u00e3o Paulo, a linha final de produ\u00e7\u00e3o da vacina contra febre-amarela da empresa privada Libbs Farmac\u00eautica, em parceria com Instituto de Tecnologia em Imunobiol\u00f3gicos (Bio-manguinhos) da Fiocruz. A pasta aguarda aval da Ag\u00eancia Nacional de Vigil\u00e2ncia Sanit\u00e1ria (Anvisa) para iniciar a comercializa\u00e7\u00e3o. A nova linha de produ\u00e7\u00e3o dever\u00e1 aumentar em 100% o fornecimento da vacina ao minist\u00e9rio.<\/p>\n<p>\u201cH\u00e1 doses fracionadas para todos os brasileiros e h\u00e1 capacidade do governo de imunizar todos os brasileiros se for necess\u00e1rio. N\u00f3s faremos a vacina\u00e7\u00e3o nas \u00e1reas onde a popula\u00e7\u00e3o tem risco de pegar a febre amarela. Nas \u00e1reas em que n\u00e3o h\u00e1 risco, n\u00f3s n\u00e3o colocaremos a popula\u00e7\u00e3o em risco vacinando porque h\u00e1 rea\u00e7\u00e3o \u00e0 vacina, e algumas mortes ocorrem por rea\u00e7\u00e3o \u00e0 vacina\u00e7\u00e3o\u201d, disse.<\/p>\n<p>Segundo o Minist\u00e9rio da Sa\u00fade, a ado\u00e7\u00e3o do fracionamento das vacinas \u00e9 uma medida preventiva e recomendada pela Organiza\u00e7\u00e3o Mundial da Sa\u00fade quando h\u00e1 aumento da morte de macacos e casos de febre amarela silvestre de forma intensa, com risco de expans\u00e3o da doen\u00e7a em grandes cidades. De acordo com a pasta, a dose fracionada tem apresentado a mesma prote\u00e7\u00e3o que a dose-padr\u00e3o, por\u00e9m por um per\u00edodo menor, de oito anos.<\/p>\n<p>&nbsp;<\/p>\n<h4>BALAN\u00c7O<\/h4>\n<p>O Minist\u00e9rio da Sa\u00fade atualizou, na \u00faltima ter\u00e7a-feira, 23, a situa\u00e7\u00e3o da febre amarela no pa\u00eds. No per\u00edodo de monitoramento (de 1\u00ba de julho de 2017 a 23 de janeiro de 2018), foram confirmados 130 casos, e 53 \u00f3bitos. Ao todo, foram notificados 601 casos suspeitos, sendo que 162 permanecem em investiga\u00e7\u00e3o e 309 foram descartados, neste per\u00edodo. Segundo a pasta, de julho de 2016 at\u00e9 23 janeiro de 2017, eram 381 casos confirmados e 127 \u00f3bitos confirmados.<\/p>\n<p>Fonte: Ag\u00eancia Brasil<\/p>\n","protected":false},"excerpt":{"rendered":"<p>O ministro da Sa\u00fade, Ricardo Barros, reafirmou nessa quinta-feira, 25, que o pa\u00eds tem estoque suficiente para imunizar, com doses fracionadas da vacina, todos os brasileiros ainda n\u00e3o vacinados contra a febre amarela. No entanto, o minist\u00e9rio manter\u00e1 a estrat\u00e9gia de imunizar apenas a popula\u00e7\u00e3o das \u00e1reas afetadas pela doen\u00e7a. O ministro inaugurou, nessa quinta-feira, [&hellip;]<\/p>\n","protected":false},"author":96,"featured_media":90507,"comment_status":"closed","ping_status":"closed","sticky":false,"template":"","format":"standard","meta":{"footnotes":""},"categories":[302],"tags":[],"class_list":["post-90508","post","type-post","status-publish","format-standard","has-post-thumbnail","hentry","category-brasil-mundo"],"_links":{"self":[{"href":"https:\/\/diarioregionaldigital.com.br\/index.php?rest_route=\/wp\/v2\/posts\/90508","targetHints":{"allow":["GET"]}}],"collection":[{"href":"https:\/\/diarioregionaldigital.com.br\/index.php?rest_route=\/wp\/v2\/posts"}],"about":[{"href":"https:\/\/diarioregionaldigital.com.br\/index.php?rest_route=\/wp\/v2\/types\/post"}],"author":[{"embeddable":true,"href":"https:\/\/diarioregionaldigital.com.br\/index.php?rest_route=\/wp\/v2\/users\/96"}],"replies":[{"embeddable":true,"href":"https:\/\/diarioregionaldigital.com.br\/index.php?rest_route=%2Fwp%2Fv2%2Fcomments&post=90508"}],"version-history":[{"count":0,"href":"https:\/\/diarioregionaldigital.com.br\/index.php?rest_route=\/wp\/v2\/posts\/90508\/revisions"}],"wp:featuredmedia":[{"embeddable":true,"href":"https:\/\/diarioregionaldigital.com.br\/index.php?rest_route=\/wp\/v2\/media\/90507"}],"wp:attachment":[{"href":"https:\/\/diarioregionaldigital.com.br\/index.php?rest_route=%2Fwp%2Fv2%2Fmedia&parent=90508"}],"wp:term":[{"taxonomy":"category","embeddable":true,"href":"https:\/\/diarioregionaldigital.com.br\/index.php?rest_route=%2Fwp%2Fv2%2Fcategories&post=90508"},{"taxonomy":"post_tag","embeddable":true,"href":"https:\/\/diarioregionaldigital.com.br\/index.php?rest_route=%2Fwp%2Fv2%2Ftags&post=90508"}],"curies":[{"name":"wp","href":"https:\/\/api.w.org\/{rel}","templated":true}]}}