{"id":90506,"date":"2018-01-26T11:06:23","date_gmt":"2018-01-26T13:06:23","guid":{"rendered":"http:\/\/diarioregionaljf.com.br\/2018\/01\/26\/pm-prende-autor-de-homicidio-e-localiza-em-sua-posse-uma-granada-de-uso-das-forcas-armadas\/"},"modified":"2018-01-26T11:06:23","modified_gmt":"2018-01-26T13:06:23","slug":"pm-prende-autor-de-homicidio-e-localiza-em-sua-posse-uma-granada-de-uso-das-forcas-armadas","status":"publish","type":"post","link":"https:\/\/diarioregionaldigital.com.br\/?p=90506","title":{"rendered":"PM prende autor de homic\u00eddio e localiza em sua posse uma granada de uso das For\u00e7as Armadas"},"content":{"rendered":"<p>A Pol\u00edcia Militar (PM) prendeu na noite desta quinta-feira, 25, um jovem de 23 anos, integrante de um grupo suspeito do assassinato de um jovem de 18 anos no bairro Nossa Senhora Aparecida, na zona Leste.<\/p>\n<p>O crime, ocorrido no dia 4 de janeiro deste ano, teria como motiva\u00e7\u00e3o algumas desaven\u00e7as relacionadas a drogas.<\/p>\n<p>O jovem de 18 anos foi atingido por diversos disparos efetuados por um grupo de quatro indiv\u00edduos, na Rua Ant\u00f4nio Meurer. Na ocasi\u00e3o, dos quatro integrantes do grupo, a PM conseguiu capturar tr\u00eas autores, sendo eles, um jovem de 23 anos, outro de 22 anos e outro de 20.<\/p>\n<p>Desde a data do crime a pol\u00edcia seguiu em busca de informa\u00e7\u00f5es que levassem ao quarto autor, foragido. Ap\u00f3s levantamento das informa\u00e7\u00f5es, o autor foi encontrado no bairro Nossa Senhora Aparecida e com ele, localizados uma granada de uso exclusivo das For\u00e7as Armadas, cinco pedras de crack e R$1.303.<\/p>\n<p>Na a\u00e7\u00e3o para prend\u00ea-lo, a PM se deslocou at\u00e9 sua resid\u00eancia na Rua Orlando Riani. Chegando ao local os militares avistaram uma c\u00e2mera de monitoramento no muro e ent\u00e3o realizaram um cerco a fim de evitar a fuga do suspeito.<\/p>\n<p>O autor foi chamado e n\u00e3o respondeu. Uma jovem de 20 anos foi avistada dentro do im\u00f3vel e ap\u00f3s contato com a mesma, os policiais tamb\u00e9m conseguiram visualizar o autor, tentando pular o muro da casa.<\/p>\n<p>Neste momento, os policiais que se encontravam posicionados nos fundos da casa, conseguiram capturar o jovem.<\/p>\n<p>Ap\u00f3s a captura, a PM iniciou as buscas pela resid\u00eancia, vindo a localizar os a granada, o dinheiro e com a ajuda de um c\u00e3o farejador, as drogas enterradas no terreiro da casa.<\/p>\n<p>Em di\u00e1logo com os policiais, o autor assumiu a propriedade de todos os materiais e disse inclusive que ganhou o artefato explosivo de presente de um militar, durante a \u00e9poca em que serviu o Ex\u00e9rcito Brasileiro. Assim, foi feito contato com o oficial do Ex\u00e9rcito e um Tenente compareceu ao local para realizar o recolhimento do artefato.<\/p>\n<p>O jovem foi preso e encaminhado para a delegacia.<\/p>\n<p><img loading=\"lazy\" decoding=\"async\" class=\" size-full wp-image-90504\" src=\"http:\/\/diarioregionaljf.com.br\/wp-content\/uploads\/2018\/01\/diario-int-23526-1.jpeg\" alt=\"WhatsApp Image 2018 01 26 at 05.04.14\" width=\"326\" height=\"435\" srcset=\"https:\/\/diarioregionaldigital.com.br\/wp-content\/uploads\/2018\/01\/diario-int-23526-1.jpeg 960w, https:\/\/diarioregionaldigital.com.br\/wp-content\/uploads\/2018\/01\/diario-int-23526-1-225x300.jpeg 225w, https:\/\/diarioregionaldigital.com.br\/wp-content\/uploads\/2018\/01\/diario-int-23526-1-768x1024.jpeg 768w, https:\/\/diarioregionaldigital.com.br\/wp-content\/uploads\/2018\/01\/diario-int-23526-1-360x480.jpeg 360w\" sizes=\"auto, (max-width: 326px) 100vw, 326px\" \/><\/p>\n<p><img loading=\"lazy\" decoding=\"async\" class=\" size-full wp-image-90505\" src=\"http:\/\/diarioregionaljf.com.br\/wp-content\/uploads\/2018\/01\/diario-int-23526-2.jpeg\" alt=\"WhatsApp Image 2018 01 26 at 05.04.17\" width=\"326\" height=\"579\" srcset=\"https:\/\/diarioregionaldigital.com.br\/wp-content\/uploads\/2018\/01\/diario-int-23526-2.jpeg 721w, https:\/\/diarioregionaldigital.com.br\/wp-content\/uploads\/2018\/01\/diario-int-23526-2-169x300.jpeg 169w, https:\/\/diarioregionaldigital.com.br\/wp-content\/uploads\/2018\/01\/diario-int-23526-2-577x1024.jpeg 577w, https:\/\/diarioregionaldigital.com.br\/wp-content\/uploads\/2018\/01\/diario-int-23526-2-360x639.jpeg 360w\" sizes=\"auto, (max-width: 326px) 100vw, 326px\" \/><\/p>\n<p>Fotos: Divulga\u00e7\u00e3o \/ Pol\u00edcia Militar<\/p>\n","protected":false},"excerpt":{"rendered":"<p>A Pol\u00edcia Militar (PM) prendeu na noite desta quinta-feira, 25, um jovem de 23 anos, integrante de um grupo suspeito do assassinato de um jovem de 18 anos no bairro Nossa Senhora Aparecida, na zona Leste. O crime, ocorrido no dia 4 de janeiro deste ano, teria como motiva\u00e7\u00e3o algumas desaven\u00e7as relacionadas a drogas. O [&hellip;]<\/p>\n","protected":false},"author":96,"featured_media":90503,"comment_status":"closed","ping_status":"closed","sticky":false,"template":"","format":"standard","meta":{"footnotes":""},"categories":[301],"tags":[],"class_list":["post-90506","post","type-post","status-publish","format-standard","has-post-thumbnail","hentry","category-artigos-policiais"],"_links":{"self":[{"href":"https:\/\/diarioregionaldigital.com.br\/index.php?rest_route=\/wp\/v2\/posts\/90506","targetHints":{"allow":["GET"]}}],"collection":[{"href":"https:\/\/diarioregionaldigital.com.br\/index.php?rest_route=\/wp\/v2\/posts"}],"about":[{"href":"https:\/\/diarioregionaldigital.com.br\/index.php?rest_route=\/wp\/v2\/types\/post"}],"author":[{"embeddable":true,"href":"https:\/\/diarioregionaldigital.com.br\/index.php?rest_route=\/wp\/v2\/users\/96"}],"replies":[{"embeddable":true,"href":"https:\/\/diarioregionaldigital.com.br\/index.php?rest_route=%2Fwp%2Fv2%2Fcomments&post=90506"}],"version-history":[{"count":0,"href":"https:\/\/diarioregionaldigital.com.br\/index.php?rest_route=\/wp\/v2\/posts\/90506\/revisions"}],"wp:featuredmedia":[{"embeddable":true,"href":"https:\/\/diarioregionaldigital.com.br\/index.php?rest_route=\/wp\/v2\/media\/90503"}],"wp:attachment":[{"href":"https:\/\/diarioregionaldigital.com.br\/index.php?rest_route=%2Fwp%2Fv2%2Fmedia&parent=90506"}],"wp:term":[{"taxonomy":"category","embeddable":true,"href":"https:\/\/diarioregionaldigital.com.br\/index.php?rest_route=%2Fwp%2Fv2%2Fcategories&post=90506"},{"taxonomy":"post_tag","embeddable":true,"href":"https:\/\/diarioregionaldigital.com.br\/index.php?rest_route=%2Fwp%2Fv2%2Ftags&post=90506"}],"curies":[{"name":"wp","href":"https:\/\/api.w.org\/{rel}","templated":true}]}}