{"id":90502,"date":"2018-01-25T22:35:11","date_gmt":"2018-01-26T00:35:11","guid":{"rendered":"http:\/\/diarioregionaljf.com.br\/2018\/01\/25\/settra-realiza-blitz-para-fiscalizar-elevadores-de-transporte-coletivo\/"},"modified":"2018-01-25T22:35:11","modified_gmt":"2018-01-26T00:35:11","slug":"settra-realiza-blitz-para-fiscalizar-elevadores-de-transporte-coletivo","status":"publish","type":"post","link":"https:\/\/diarioregionaldigital.com.br\/?p=90502","title":{"rendered":"Settra realiza blitz para fiscalizar elevadores de transporte coletivo"},"content":{"rendered":"<p>Na manh\u00e3 desta quinta-feira, 25, a Secretaria de Transporte e Tr\u00e2nsito (Settra) da Prefeitura de Juiz de Fora (PJF), atrav\u00e9s da Supervis\u00e3o de Fiscaliza\u00e7\u00e3o de Transporte, realizou blitz para verifica\u00e7\u00e3o dos elevadores dos ve\u00edculos do transporte coletivo urbano na cidade. A a\u00e7\u00e3o, que contou com a parceria da Secretaria de Desenvolvimento Social (SDS), atrav\u00e9s do Departamento de Pol\u00edticas para Pessoas com Defici\u00eancia e Direitos Humanos (DPCDH), e do Conselho Municipal dos Direitos da Pessoa com Defici\u00eancia (CMDPD), foi no ponto de \u00f4nibus na Avenida Rio Branco, entre as ruas Marechal Deodoro e Mister Moore, sentido Centro\/bairro.<\/p>\n<p>Durante a opera\u00e7\u00e3o, 26 ve\u00edculos foram vistoriados, sendo que um deles apresentou problema no equipamento, e foi autuado. Outros quatro tiveram autua\u00e7\u00e3o registrada por defeito no cinto de seguran\u00e7a disponibilizado para os cadeirantes. A blitz \u00e9 complemento das atividades de rotina de fiscaliza\u00e7\u00e3o da Settra, para garantir melhorias no servi\u00e7o e cumprimento das exig\u00eancias legais relacionadas ao transporte p\u00fablico.<\/p>\n<p>\u201cViemos para as ruas intensificar a fiscaliza\u00e7\u00e3o do transporte coletivo com rela\u00e7\u00e3o ao funcionamento dos elevadores. Pretendemos, com isso, que todo equipamento funcione, e que as pessoas necessitadas deste dispositivo tenham o direito garantido de se locomover pela cidade. Com isso, queremos melhorar cada vez mais o servi\u00e7o e fazer jus a um dos itens da licita\u00e7\u00e3o, que exigiu acessibilidade nos ve\u00edculos\u201d, afirmou o secret\u00e1rio de Transporte e Tr\u00e2nsito da PJF, Rodrigo Tortoriello.<\/p>\n<p>Para a gerente do DPCDH, Tha\u00eds Altomar, os \u00f4nibus com elevadores s\u00e3o maneira de dar autonomia e independ\u00eancia \u00e0s pessoas com defici\u00eancia, j\u00e1 que auxiliam na locomo\u00e7\u00e3o desta popula\u00e7\u00e3o: \u201cOs \u00f4nibus, hoje, proporcionam isso, uma vez que quase cem por cento da frota est\u00e1 adaptada. Mas \u00e9 preciso verificar in loco como este servi\u00e7o funciona e as demandas de mudan\u00e7as, para que a gente possa melhorar cada vez mais este sistema, que \u00e9 superimportante para a pessoa com defici\u00eancia\u201d.<\/p>\n<p>A presidente do CMDPD, Val\u00e9ria Andrade, ressaltou que este tipo de a\u00e7\u00e3o \u00e9 fundamental na garantia de direitos e qualidade de vida da pessoa com defici\u00eancia: \u201cSem esse tipo de transporte, a maioria das pessoas estaria dentro de casa, sem op\u00e7\u00e3o de participar da vida social e pol\u00edtica da nossa cidade. Ent\u00e3o, \u00e9 fundamental que os \u00f4nibus funcionem, e bem. \u00c9 direito de ir e vir. A Settra, tendo o cuidado de fazer essa vistoria, permite que tenhamos mais seguran\u00e7a, conforto e qualidade deste servi\u00e7o, fundamental no processo de inclus\u00e3o da pessoa com defici\u00eancia.\u201d<\/p>\n<p>Atualmente, a cidade conta com frota de 603 \u00f4nibus, e 96% esta adaptada. O usu\u00e1rio que flagrar o mau funcionamento deste ou de qualquer outro equipamento do servi\u00e7o de transporte coletivo pode denunciar \u00e0 Settra, atrav\u00e9s do 3690-8218 ou <a href=\"mailto:dosettraatende@pjf.mg.gov.br\">dosettraatende@pjf.mg.gov.br<\/a>.<\/p>\n<p>&nbsp;<\/p>\n<p>Fonte: Assessoria<\/p>\n","protected":false},"excerpt":{"rendered":"<p>Na manh\u00e3 desta quinta-feira, 25, a Secretaria de Transporte e Tr\u00e2nsito (Settra) da Prefeitura de Juiz de Fora (PJF), atrav\u00e9s da Supervis\u00e3o de Fiscaliza\u00e7\u00e3o de Transporte, realizou blitz para verifica\u00e7\u00e3o dos elevadores dos ve\u00edculos do transporte coletivo urbano na cidade. A a\u00e7\u00e3o, que contou com a parceria da Secretaria de Desenvolvimento Social (SDS), atrav\u00e9s do [&hellip;]<\/p>\n","protected":false},"author":96,"featured_media":90501,"comment_status":"closed","ping_status":"closed","sticky":false,"template":"","format":"standard","meta":{"footnotes":""},"categories":[253],"tags":[],"class_list":["post-90502","post","type-post","status-publish","format-standard","has-post-thumbnail","hentry","category-cidade"],"_links":{"self":[{"href":"https:\/\/diarioregionaldigital.com.br\/index.php?rest_route=\/wp\/v2\/posts\/90502","targetHints":{"allow":["GET"]}}],"collection":[{"href":"https:\/\/diarioregionaldigital.com.br\/index.php?rest_route=\/wp\/v2\/posts"}],"about":[{"href":"https:\/\/diarioregionaldigital.com.br\/index.php?rest_route=\/wp\/v2\/types\/post"}],"author":[{"embeddable":true,"href":"https:\/\/diarioregionaldigital.com.br\/index.php?rest_route=\/wp\/v2\/users\/96"}],"replies":[{"embeddable":true,"href":"https:\/\/diarioregionaldigital.com.br\/index.php?rest_route=%2Fwp%2Fv2%2Fcomments&post=90502"}],"version-history":[{"count":0,"href":"https:\/\/diarioregionaldigital.com.br\/index.php?rest_route=\/wp\/v2\/posts\/90502\/revisions"}],"wp:featuredmedia":[{"embeddable":true,"href":"https:\/\/diarioregionaldigital.com.br\/index.php?rest_route=\/wp\/v2\/media\/90501"}],"wp:attachment":[{"href":"https:\/\/diarioregionaldigital.com.br\/index.php?rest_route=%2Fwp%2Fv2%2Fmedia&parent=90502"}],"wp:term":[{"taxonomy":"category","embeddable":true,"href":"https:\/\/diarioregionaldigital.com.br\/index.php?rest_route=%2Fwp%2Fv2%2Fcategories&post=90502"},{"taxonomy":"post_tag","embeddable":true,"href":"https:\/\/diarioregionaldigital.com.br\/index.php?rest_route=%2Fwp%2Fv2%2Ftags&post=90502"}],"curies":[{"name":"wp","href":"https:\/\/api.w.org\/{rel}","templated":true}]}}